{"id":10006,"date":"2020-10-12T19:05:59","date_gmt":"2020-10-12T19:05:59","guid":{"rendered":"https:\/\/oparanews.com.br\/?p=10006"},"modified":"2020-10-12T19:05:59","modified_gmt":"2020-10-12T19:05:59","slug":"vagner-mancini-assume-corinthians-e-ja-estreia-na-quarta","status":"publish","type":"post","link":"https:\/\/www.oparanews.com.br\/index.php\/2020\/10\/12\/vagner-mancini-assume-corinthians-e-ja-estreia-na-quarta\/","title":{"rendered":"Vagner Mancini assume Corinthians e j\u00e1 estreia na quarta"},"content":{"rendered":"<p>O Corinthians vai confirmar nesta segunda-feira a contrata\u00e7\u00e3o do t\u00e9cnico Vagner Mancini, que deixa o Atl\u00e9tico-GO e chega com a miss\u00e3o de salvar o time do rebaixamento. Ele inicia seu trabalho imediatamente e j\u00e1 estreia diante do Athletico-PR, na quarta-feira.<\/p>\n<p>Mesmo perto da elei\u00e7\u00e3o, o clube vai fazer um contrato longo. Mancini assinar\u00e1 at\u00e9 dezembro de 2021 e ter\u00e1 23 rodadas para evitar novo vexame de queda no clube, 13 anos ap\u00f3s o fat\u00eddico rebaixamento de 2007.<\/p>\n<p>Mancini substitui o interino Dyego Coelho, que assumiu ap\u00f3s a demiss\u00e3o de Tiago Nunes e n\u00e3o conseguiu melhorar o rendimento da equipe, somando apenas uma vit\u00f3ria em sete jogos. Foram tr\u00eas derrotas e outros tr\u00eas empates e um retrospecto de somente seis pontos de 21 disputados, com 28,5% de aproveitamento.<\/p>\n<p>O presidente Andr\u00e9s Sanchez n\u00e3o quis cravar a contrata\u00e7\u00e3o pelo fato de o contrato ainda n\u00e3o ter sido redigido e assinado. &#8220;\u00c9 um momento muito dif\u00edcil, vem jogando mal desde o Paulista, infelizmente ainda n\u00e3o encaixou o time. Tivemos de mudar o Tiago (Nunes), que n\u00e3o teve culpa, mas tivemos de tomar atitude como agora&#8221;, lamentou Andr\u00e9s, antes de &#8220;quase&#8221; cravar Mancini.<\/p>\n<p>A contrata\u00e7\u00e3o s\u00f3 n\u00e3o ser\u00e1 efetiva caso Mancini mude de ideia. &#8220;Vamos trabalhar bastante, n\u00e3o est\u00e1 fechado ainda o Mancini, mas provavelmente vai ser ele. Amanh\u00e3 vamos tentar fechar&#8221;, disse o presidente.<\/p>\n<p>Aos 53 anos, Mancini passar\u00e1 pelo terceiro grande do estado de S\u00e3o Paulo. J\u00e1 dirigiu Santos e S\u00e3o Paulo. &#8220;Mancini j\u00e1 tem hist\u00f3ria, \u00e9 vitorioso, fez bons trabalhos, conhece internamente, tem muitas not\u00edcias do Corinthians, acompanha&#8230; Espero que venha e venha fortemente para mudar nossa situa\u00e7\u00e3o&#8221;, previu Andr\u00e9s.<\/p>\n<p>O presidente eximiu Coelho de culpa na atual situa\u00e7\u00e3o, disse que \u00e9 dele e dos jogadores, mas garantiu que confia no elenco.<\/p>\n<p>Para seu primeiro jogo, Mancini j\u00e1 ter\u00e1 o desfalque de C\u00e1ssio, expulso ap\u00f3s o apito final em Fortaleza. O goleiro reclamou muito do p\u00eanalti marcado por Anderson Daronco e recebeu o cart\u00e3o vermelho.<\/p>\n<p>&nbsp;<\/p>\n<p><strong>Fonte: Terra<\/strong><\/p>\n<p>&nbsp;<\/p>\n","protected":false},"excerpt":{"rendered":"<p>O Corinthians vai confirmar nesta segunda-feira a contrata\u00e7\u00e3o do t\u00e9cnico Vagner Mancini, que deixa o Atl\u00e9tico-GO e chega com a miss\u00e3o de salvar o time do rebaixamento. Ele inicia seu trabalho imediatamente e j\u00e1 estreia diante do Athletico-PR, na quarta-feira. Mesmo perto da elei\u00e7\u00e3o, o clube vai fazer um contrato longo. Mancini assinar\u00e1 at\u00e9 dezembro &hellip;<\/p>\n","protected":false},"author":1,"featured_media":10007,"comment_status":"open","ping_status":"open","sticky":false,"template":"","format":"standard","meta":{"_jetpack_newsletter_access":"","_jetpack_dont_email_post_to_subs":false,"_jetpack_newsletter_tier_id":0,"_jetpack_memberships_contains_paywalled_content":false,"_jetpack_memberships_contains_paid_content":false,"footnotes":""},"categories":[1],"tags":[],"class_list":["post-10006","post","type-post","status-publish","format-standard","has-post-thumbnail","hentry","category-destaque"],"jetpack_sharing_enabled":true,"jetpack_featured_media_url":"","_links":{"self":[{"href":"https:\/\/www.oparanews.com.br\/index.php\/wp-json\/wp\/v2\/posts\/10006","targetHints":{"allow":["GET"]}}],"collection":[{"href":"https:\/\/www.oparanews.com.br\/index.php\/wp-json\/wp\/v2\/posts"}],"about":[{"href":"https:\/\/www.oparanews.com.br\/index.php\/wp-json\/wp\/v2\/types\/post"}],"author":[{"embeddable":true,"href":"https:\/\/www.oparanews.com.br\/index.php\/wp-json\/wp\/v2\/users\/1"}],"replies":[{"embeddable":true,"href":"https:\/\/www.oparanews.com.br\/index.php\/wp-json\/wp\/v2\/comments?post=10006"}],"version-history":[{"count":0,"href":"https:\/\/www.oparanews.com.br\/index.php\/wp-json\/wp\/v2\/posts\/10006\/revisions"}],"wp:attachment":[{"href":"https:\/\/www.oparanews.com.br\/index.php\/wp-json\/wp\/v2\/media?parent=10006"}],"wp:term":[{"taxonomy":"category","embeddable":true,"href":"https:\/\/www.oparanews.com.br\/index.php\/wp-json\/wp\/v2\/categories?post=10006"},{"taxonomy":"post_tag","embeddable":true,"href":"https:\/\/www.oparanews.com.br\/index.php\/wp-json\/wp\/v2\/tags?post=10006"}],"curies":[{"name":"wp","href":"https:\/\/api.w.org\/{rel}","templated":true}]}}