{"id":10012,"date":"2020-10-13T16:52:09","date_gmt":"2020-10-13T16:52:09","guid":{"rendered":"https:\/\/oparanews.com.br\/?p=10012"},"modified":"2020-10-13T16:52:09","modified_gmt":"2020-10-13T16:52:09","slug":"tj-al-mantem-juiz-jose-braga-neto-afastado-e-determina-abertura-de-processo","status":"publish","type":"post","link":"https:\/\/www.oparanews.com.br\/index.php\/2020\/10\/13\/tj-al-mantem-juiz-jose-braga-neto-afastado-e-determina-abertura-de-processo\/","title":{"rendered":"TJ-AL mant\u00e9m juiz Jos\u00e9 Braga Neto afastado e determina abertura de processo"},"content":{"rendered":"<p>O Pleno do Tribunal de Justi\u00e7a de Alagoas (TJ-AL) determinou a abertura de processo administrativo disciplinar contra o juiz Jos\u00e9 Braga Neto e manteve ele afastado das fun\u00e7\u00f5es na Vara de Execu\u00e7\u00f5es Penais. A decis\u00e3o foi tomada em sess\u00e3o administrativa nesta ter\u00e7a-feira (13).<\/p>\n<p>O magistrado \u00e9 pai do advogado Hugo Braga Soares, alvo da Opera\u00e7\u00e3o Bate e Volta, que investiga um esquema de extors\u00e3o de presos beneficiados com transfer\u00eancias entre as unidades prisionais do estado.<\/p>\n<p>O G1 entrou em contato por telefone com o juiz Braga Neto, mas ele desligou as liga\u00e7\u00f5es.<\/p>\n<p>O julgamento tinha sido iniciado no dia 29 de setembro, mas foi suspenso depois que o desembargador Celyrio Adamastor pediu vistas do processo.<\/p>\n<p>No primeiro dia do julgamento, o desembargador Fernando Tourinho votou pela manuten\u00e7\u00e3o do afastamento de Braga Neto. Acompanharam o voto do relator os desembargadores Domingos Neto, Ot\u00e1vio Praxedes, Alcides Gusm\u00e3o, Paulo Lima, Jo\u00e3o Luiz Lessa, Jos\u00e9 Carlos Malta, Sebasti\u00e3o Costa e Washington Luiz.<\/p>\n<p>Ap\u00f3s o per\u00edodo solicitado para vistas, o desembargador Celyrio Adamastor tamb\u00e9m acompanhou o relator, tornando a decis\u00e3o un\u00e2nime.<\/p>\n<p>O processo vai investigar se o juiz tentou intervir nas investiga\u00e7\u00f5es para ajudar o filho.<\/p>\n<p>&nbsp;<\/p>\n<p><strong>Fonte: G1\/AL<\/strong><\/p>\n<p>&nbsp;<\/p>\n","protected":false},"excerpt":{"rendered":"<p>O Pleno do Tribunal de Justi\u00e7a de Alagoas (TJ-AL) determinou a abertura de processo administrativo disciplinar contra o juiz Jos\u00e9 Braga Neto e manteve ele afastado das fun\u00e7\u00f5es na Vara de Execu\u00e7\u00f5es Penais. A decis\u00e3o foi tomada em sess\u00e3o administrativa nesta ter\u00e7a-feira (13). O magistrado \u00e9 pai do advogado Hugo Braga Soares, alvo da Opera\u00e7\u00e3o &hellip;<\/p>\n","protected":false},"author":1,"featured_media":10013,"comment_status":"open","ping_status":"open","sticky":false,"template":"","format":"standard","meta":{"_jetpack_newsletter_access":"","_jetpack_dont_email_post_to_subs":false,"_jetpack_newsletter_tier_id":0,"_jetpack_memberships_contains_paywalled_content":false,"_jetpack_memberships_contains_paid_content":false,"footnotes":""},"categories":[1],"tags":[],"class_list":["post-10012","post","type-post","status-publish","format-standard","has-post-thumbnail","hentry","category-destaque"],"jetpack_sharing_enabled":true,"jetpack_featured_media_url":"","_links":{"self":[{"href":"https:\/\/www.oparanews.com.br\/index.php\/wp-json\/wp\/v2\/posts\/10012","targetHints":{"allow":["GET"]}}],"collection":[{"href":"https:\/\/www.oparanews.com.br\/index.php\/wp-json\/wp\/v2\/posts"}],"about":[{"href":"https:\/\/www.oparanews.com.br\/index.php\/wp-json\/wp\/v2\/types\/post"}],"author":[{"embeddable":true,"href":"https:\/\/www.oparanews.com.br\/index.php\/wp-json\/wp\/v2\/users\/1"}],"replies":[{"embeddable":true,"href":"https:\/\/www.oparanews.com.br\/index.php\/wp-json\/wp\/v2\/comments?post=10012"}],"version-history":[{"count":0,"href":"https:\/\/www.oparanews.com.br\/index.php\/wp-json\/wp\/v2\/posts\/10012\/revisions"}],"wp:attachment":[{"href":"https:\/\/www.oparanews.com.br\/index.php\/wp-json\/wp\/v2\/media?parent=10012"}],"wp:term":[{"taxonomy":"category","embeddable":true,"href":"https:\/\/www.oparanews.com.br\/index.php\/wp-json\/wp\/v2\/categories?post=10012"},{"taxonomy":"post_tag","embeddable":true,"href":"https:\/\/www.oparanews.com.br\/index.php\/wp-json\/wp\/v2\/tags?post=10012"}],"curies":[{"name":"wp","href":"https:\/\/api.w.org\/{rel}","templated":true}]}}