{"id":10021,"date":"2020-10-13T17:05:57","date_gmt":"2020-10-13T17:05:57","guid":{"rendered":"https:\/\/oparanews.com.br\/?p=10021"},"modified":"2020-10-13T17:05:57","modified_gmt":"2020-10-13T17:05:57","slug":"alagoas-registra-menor-incidencia-de-novos-casos-da-covid-do-brasil","status":"publish","type":"post","link":"https:\/\/www.oparanews.com.br\/index.php\/2020\/10\/13\/alagoas-registra-menor-incidencia-de-novos-casos-da-covid-do-brasil\/","title":{"rendered":"Alagoas registra menor incid\u00eancia de novos casos da Covid do Brasil"},"content":{"rendered":"<p>Alagoas volta a apresentar ind\u00edcios de controle da transmiss\u00e3o do novo coronav\u00edrus, segundo o \u00faltimo levantamento do Observat\u00f3rio de Pol\u00edticas Para o Enfrentamento da Covid, da Universidade Federal de Alagoas (Ufal). O relat\u00f3rio da 41\u00aa Semana Epidemiol\u00f3gica (SE) mostra que, ap\u00f3s uma sequ\u00eancia de aumentos de novos casos, o estado registrou uma queda neste indicador, tendo contabilizado 862 novos casos, a menor do Brasil proporcionalmente.<\/p>\n<p>De acordo com o coordenador do Observat\u00f3rio, o pesquisador Gabriel B\u00e1due, o n\u00famero corresponde a uma incid\u00eancia de 25,8 casos para cada 100 mil habitantes, a menor entretodos os estados brasileiros no referido per\u00edodo. &#8220;O destaque neste \u00faltimo relat\u00f3rio \u00e9 a diminui\u00e7\u00e3o expressiva do n\u00famero de novos casos no estado, em particular em Macei\u00f3&#8221;, frisou.<\/p>\n<p>O pesquisador alerta, no entanto, para um poss\u00edvel problema na pol\u00edtica de testagem. &#8220;O n\u00famero de casos despencou semana passada e estamos tentando entender isso. Uma limita\u00e7\u00e3o continua sendo a testagem que vem diminuindo, enquanto o n\u00famero de casos suspeitos aumentou&#8221;, destacou, citando relat\u00f3rio da Secretaria de Estado da Sa\u00fade (Sesau) que trouxe, no \u00faltimo dia 11, 2.832 casos suspeitos do novo coronav\u00edrus.<\/p>\n<p>Conforme o Observat\u00f3rio, neste \u00faltimo levantamento, Alagoas apresentou expressiva queda no n\u00famero de novos casos (52%) e um leve aumento de \u00f3bitos (5%).<\/p>\n<p>&#8220;Apesar da expressiva queda no n\u00famero de casos, a interrup\u00e7\u00e3o nas duas \u00faltimas semanas da longa sequ\u00eancia de queda no n\u00famero de \u00f3bitos faz com que o estado n\u00e3o atinja todos os crit\u00e9rios indicados pelo Subcomit\u00ea de Epidemiologia do C4NE quanto as evid\u00eancias de controle na transmiss\u00e3o, que sugere um per\u00edodo m\u00ednimo de quatorze dias para essa an\u00e1lise&#8221;, trouxe o documento.<\/p>\n<p>&nbsp;<\/p>\n<p><strong>Fonte: TNH1<\/strong><\/p>\n<p>&nbsp;<\/p>\n","protected":false},"excerpt":{"rendered":"<p>Alagoas volta a apresentar ind\u00edcios de controle da transmiss\u00e3o do novo coronav\u00edrus, segundo o \u00faltimo levantamento do Observat\u00f3rio de Pol\u00edticas Para o Enfrentamento da Covid, da Universidade Federal de Alagoas (Ufal). O relat\u00f3rio da 41\u00aa Semana Epidemiol\u00f3gica (SE) mostra que, ap\u00f3s uma sequ\u00eancia de aumentos de novos casos, o estado registrou uma queda neste indicador, &hellip;<\/p>\n","protected":false},"author":1,"featured_media":10022,"comment_status":"open","ping_status":"open","sticky":false,"template":"","format":"standard","meta":{"_jetpack_newsletter_access":"","_jetpack_dont_email_post_to_subs":false,"_jetpack_newsletter_tier_id":0,"_jetpack_memberships_contains_paywalled_content":false,"_jetpack_memberships_contains_paid_content":false,"footnotes":""},"categories":[1],"tags":[],"class_list":["post-10021","post","type-post","status-publish","format-standard","has-post-thumbnail","hentry","category-destaque"],"jetpack_sharing_enabled":true,"jetpack_featured_media_url":"","_links":{"self":[{"href":"https:\/\/www.oparanews.com.br\/index.php\/wp-json\/wp\/v2\/posts\/10021","targetHints":{"allow":["GET"]}}],"collection":[{"href":"https:\/\/www.oparanews.com.br\/index.php\/wp-json\/wp\/v2\/posts"}],"about":[{"href":"https:\/\/www.oparanews.com.br\/index.php\/wp-json\/wp\/v2\/types\/post"}],"author":[{"embeddable":true,"href":"https:\/\/www.oparanews.com.br\/index.php\/wp-json\/wp\/v2\/users\/1"}],"replies":[{"embeddable":true,"href":"https:\/\/www.oparanews.com.br\/index.php\/wp-json\/wp\/v2\/comments?post=10021"}],"version-history":[{"count":0,"href":"https:\/\/www.oparanews.com.br\/index.php\/wp-json\/wp\/v2\/posts\/10021\/revisions"}],"wp:attachment":[{"href":"https:\/\/www.oparanews.com.br\/index.php\/wp-json\/wp\/v2\/media?parent=10021"}],"wp:term":[{"taxonomy":"category","embeddable":true,"href":"https:\/\/www.oparanews.com.br\/index.php\/wp-json\/wp\/v2\/categories?post=10021"},{"taxonomy":"post_tag","embeddable":true,"href":"https:\/\/www.oparanews.com.br\/index.php\/wp-json\/wp\/v2\/tags?post=10021"}],"curies":[{"name":"wp","href":"https:\/\/api.w.org\/{rel}","templated":true}]}}