{"id":10024,"date":"2020-10-13T17:06:35","date_gmt":"2020-10-13T17:06:35","guid":{"rendered":"https:\/\/oparanews.com.br\/?p=10024"},"modified":"2020-10-13T17:06:35","modified_gmt":"2020-10-13T17:06:35","slug":"cristiano-ronaldo-testa-positivo-para-covid-19","status":"publish","type":"post","link":"https:\/\/www.oparanews.com.br\/index.php\/2020\/10\/13\/cristiano-ronaldo-testa-positivo-para-covid-19\/","title":{"rendered":"Cristiano Ronaldo testa positivo para Covid-19"},"content":{"rendered":"<p>A Covid-19 chegou a um dos principais astros do futebol mundial. O craque Cristiano Ronaldo testou positivo para a doen\u00e7a e foi dispensado da sele\u00e7\u00e3o de Portugal, conforme anunciou a federa\u00e7\u00e3o do pa\u00eds nesta ter\u00e7a-feira. De acordo com comunicado da FPF, o jogador est\u00e1 assintom\u00e1tico e se sente bem, j\u00e1 se encontrando em isolamento. Na noite da \u00faltima segunda, por\u00e9m, ele postou uma foto em que todo o elenco da sele\u00e7\u00e3o estava reunido para jantar.<\/p>\n<p>Ap\u00f3s a confirma\u00e7\u00e3o da infec\u00e7\u00e3o de Cristiano, todos os jogadores da sele\u00e7\u00e3o lusa realizaram novos exames nesta ter\u00e7a-feira, e nenhum deles testou positivo. Desta forma, o camisa 7 ser\u00e1 o \u00fanico desfalque de \u00faltima hora para o t\u00e9cnico Fernando Santos diante da Su\u00e9cia, pela Liga das Na\u00e7\u00f5es, nesta quarta-feira, em Lisboa.<\/p>\n<p>A sele\u00e7\u00e3o portuguesa treinaria na manh\u00e3 desta ter\u00e7a-feira, quando o t\u00e9cnico Fernando Santos tamb\u00e9m concederia entrevista coletiva. A atividade acabou adiada, sem motivo oficial divulgado pela federa\u00e7\u00e3o. A imprensa portuguesa, ent\u00e3o, trouxe \u00e0 tona que o teste feito por Cristiano Ronaldo havia dado um resultado inconclusivo. O atacante precisou fazer um novo exame, e as atividades ficaram suspensas at\u00e9 o novo resultado.<\/p>\n<p>A confirma\u00e7\u00e3o da infec\u00e7\u00e3o de CR7 surge apenas dois dias depois de o craque ir a campo para enfrentar a Fran\u00e7a, no \u00faltimo domingo, tamb\u00e9m pela Liga das Na\u00e7\u00f5es, em Paris. Antes, ele havia participado do amistoso contra a Espanha, na quarta-feira passada, em Lisboa. Ele viajou junto \u00e0 delega\u00e7\u00e3o para a capital francesa no fim de semana, retornando \u00e0 capital portuguesa para o confronto desta quarta.<\/p>\n<p>A Juventus ainda n\u00e3o se manifestou oficialmente sobre a infec\u00e7\u00e3o de Cristiano Ronaldo, mas o jogador deve ser desfalque para Andrea Pirlo em pelo dois compromissos da equipe italiana. Ele n\u00e3o estar\u00e1 dispon\u00edvel diante do Crotone, pelo Campeonato Italiano, no pr\u00f3ximo s\u00e1bado, e contra o D\u00ednamo de Kiev, na estreia na Liga dos Campe\u00f5es, na ter\u00e7a-feira que vem.<\/p>\n<p>Ainda n\u00e3o h\u00e1 confirma\u00e7\u00e3o se o craque luso poder\u00e1 atuar diante do Verona, tamb\u00e9m pela S\u00e9rie A, no dia 20. Para al\u00edvio dos f\u00e3s da Juventus e dos ansiosos pelo reencontro com Messi, Cristiano deve estar liberado para enfrentar o Barcelona, no dia 28, uma vez que ter\u00e1 completado os 14 dias desde a confirma\u00e7\u00e3o da infec\u00e7\u00e3o.<\/p>\n<p>Cristiano Ronaldo foi um dos atletas a se envolver em pol\u00eamica na It\u00e1lia ao deixar a concentra\u00e7\u00e3o da Juventus no dia 4 de outubro para poder se apresentar \u00e0 sele\u00e7\u00e3o. Dois funcion\u00e1rios do clube italiano testaram positivo para a Covid-19 na \u00e9poca, demandando que o elenco ficasse isolado em uma bolha no CT da equipe, como exigem as autoridades locais. Por\u00e9m, CR7, Danilo, Bentancur, Dybala e Cuadrado deixaram o local e viajaram para atuar com suas equipes. A autoridade de sa\u00fade de Turim denunciou os envolvidos ao Minist\u00e9rio P\u00fablico.<\/p>\n<p>&nbsp;<\/p>\n<p><strong>Fonte: GE<\/strong><\/p>\n<p>&nbsp;<\/p>\n","protected":false},"excerpt":{"rendered":"<p>A Covid-19 chegou a um dos principais astros do futebol mundial. O craque Cristiano Ronaldo testou positivo para a doen\u00e7a e foi dispensado da sele\u00e7\u00e3o de Portugal, conforme anunciou a federa\u00e7\u00e3o do pa\u00eds nesta ter\u00e7a-feira. De acordo com comunicado da FPF, o jogador est\u00e1 assintom\u00e1tico e se sente bem, j\u00e1 se encontrando em isolamento. Na &hellip;<\/p>\n","protected":false},"author":1,"featured_media":10025,"comment_status":"open","ping_status":"open","sticky":false,"template":"","format":"standard","meta":{"_jetpack_newsletter_access":"","_jetpack_dont_email_post_to_subs":false,"_jetpack_newsletter_tier_id":0,"_jetpack_memberships_contains_paywalled_content":false,"_jetpack_memberships_contains_paid_content":false,"footnotes":""},"categories":[1],"tags":[],"class_list":["post-10024","post","type-post","status-publish","format-standard","has-post-thumbnail","hentry","category-destaque"],"jetpack_sharing_enabled":true,"jetpack_featured_media_url":"","_links":{"self":[{"href":"https:\/\/www.oparanews.com.br\/index.php\/wp-json\/wp\/v2\/posts\/10024","targetHints":{"allow":["GET"]}}],"collection":[{"href":"https:\/\/www.oparanews.com.br\/index.php\/wp-json\/wp\/v2\/posts"}],"about":[{"href":"https:\/\/www.oparanews.com.br\/index.php\/wp-json\/wp\/v2\/types\/post"}],"author":[{"embeddable":true,"href":"https:\/\/www.oparanews.com.br\/index.php\/wp-json\/wp\/v2\/users\/1"}],"replies":[{"embeddable":true,"href":"https:\/\/www.oparanews.com.br\/index.php\/wp-json\/wp\/v2\/comments?post=10024"}],"version-history":[{"count":0,"href":"https:\/\/www.oparanews.com.br\/index.php\/wp-json\/wp\/v2\/posts\/10024\/revisions"}],"wp:attachment":[{"href":"https:\/\/www.oparanews.com.br\/index.php\/wp-json\/wp\/v2\/media?parent=10024"}],"wp:term":[{"taxonomy":"category","embeddable":true,"href":"https:\/\/www.oparanews.com.br\/index.php\/wp-json\/wp\/v2\/categories?post=10024"},{"taxonomy":"post_tag","embeddable":true,"href":"https:\/\/www.oparanews.com.br\/index.php\/wp-json\/wp\/v2\/tags?post=10024"}],"curies":[{"name":"wp","href":"https:\/\/api.w.org\/{rel}","templated":true}]}}