{"id":10036,"date":"2020-10-14T12:50:45","date_gmt":"2020-10-14T12:50:45","guid":{"rendered":"https:\/\/oparanews.com.br\/?p=10036"},"modified":"2020-10-14T12:50:45","modified_gmt":"2020-10-14T12:50:45","slug":"prefeitura-de-sp-adia-decisao-sobre-autorizar-volta-as-aulas","status":"publish","type":"post","link":"https:\/\/www.oparanews.com.br\/index.php\/2020\/10\/14\/prefeitura-de-sp-adia-decisao-sobre-autorizar-volta-as-aulas\/","title":{"rendered":"Prefeitura de SP adia decis\u00e3o sobre autorizar volta \u00e0s aulas"},"content":{"rendered":"<p>A Prefeitura de S\u00e3o Paulo adiou a decis\u00e3o sobre autorizar a volta \u00e0s aulas em 3 de novembro para a rede p\u00fablica e privada na cidade porque pretende aguardar o resultado do censo sorol\u00f3gico, com testes de covid que est\u00e3o sendo feitos com professores e alunos da rede municipal. O prefeito Bruno Covas (PSDB) havia dito anteriormente que confirmaria o retorno das aulas ap\u00f3s o resultado do inqu\u00e9rito sorol\u00f3gico das crian\u00e7as que foi divulgado nesta ter\u00e7a-feira, 13. A diferen\u00e7a entre os dois exames \u00e9 que o primeiro ser\u00e1 feito em todas as crian\u00e7as e profissionais que quiserem, j\u00e1 o inqu\u00e9rito \u00e9 por amostragem. O censo deve testar 777 mil pessoas e cerca de 90 mil j\u00e1 passaram pelos exames.<\/p>\n<p>Segundo o Estad\u00e3o apurou, a ideia da Prefeitura \u00e9 dar prioridade para a volta \u00e0s aulas dos que j\u00e1 tiverem anticorpos para o v\u00edrus na rede municipal. O resultado desses testes &#8211; chamado de censo sorol\u00f3gico &#8211; deve sair na semana que vem. &#8220;Ningu\u00e9m aqui discute a import\u00e2ncia da educa\u00e7\u00e3o na vida dessas crian\u00e7as, mas a sa\u00fade vem em primeiro lugar. Somente quando a vigil\u00e2ncia sanit\u00e1ria disser que pode se dar essa retomada \u00e9 que ela ser\u00e1 aprovada&#8221;, disse Covas, em entrevista coletiva, ao comentar os dados do inqu\u00e9rito sorol\u00f3gico, que indica que quase 65% das crian\u00e7as que apresentaram anticorpos s\u00e3o assintom\u00e1ticas. Para o prefeito, este \u00e9 o &#8220;cerne da preocupa\u00e7\u00e3o da volta \u00e0s aulas&#8221;.<\/p>\n<p>Ele ainda confirmou a informa\u00e7\u00e3o adiantada pelo Estad\u00e3o. &#8220;Devemos ter para a pr\u00f3xima semana, na quinta-feira da semana que vem, o resultado do censo que estamos realizando com todos os professores e alunos da rede municipal e a decis\u00e3o sobre as aulas no dia 3 de novembro&#8221;, disse o prefeito. Questionado, o secret\u00e1rio municipal da Educa\u00e7\u00e3o, Bruno Caetano, tamb\u00e9m falou sobre o assunto. &#8220;A Prefeitura tem informado nas \u00faltimas coletivas que a decis\u00e3o se d\u00e1 por um contexto de informa\u00e7\u00f5es, como inqu\u00e9rito e censo, e outros indicadores da cidade de S\u00e3o Paulo&#8221;. Segundo ele, a Prefeitura vai se pronunciar novamente no dia 22. &#8220;N\u00e3o h\u00e1 atraso ou adiamento dessa manifesta\u00e7\u00e3o&#8221;, disse Caetano.<\/p>\n<p>J\u00e1 as escolas particulares teriam autonomia para decidir como voltar com as aulas, depois de autorizadas por Covas. Desde 7 de outubro, elas j\u00e1 v\u00eam oferecendo atividades extracurriculares para 20% dos alunos, por dia, conforme norma da Prefeitura. Segundo estimativas do sindicato das escolas, 80% delas reabriram na semana passada.<\/p>\n<p>Como esse retorno tamb\u00e9m era volunt\u00e1rio para a rede p\u00fablica, apenas uma creche municipal foi aberta dia 7. Segundo Caetano, no dia 19, mais 14 escolas municipais devem reabrir. &#8220;Repassamos recursos para que elas pudessem se preparar. Elas n\u00e3o est\u00e3o deixando de retomar por falta de estrutura na cidade de S\u00e3o Paulo&#8221;, disse Covas. Cerca de 300 escolas estaduais na capital voltaram a funcionar.<\/p>\n<p>A expectativa para novembro \u00e9 de que a Prefeitura autorize uma quantidade maior de crian\u00e7as nas escolas, j\u00e1 que a cidade passou para a fase verde na semana passada. Pelo plano do Estado, depois de 14 dias nessa fase, 70% dos alunos j\u00e1 poderiam estar na escola presencialmente. Mas as cidades podem ser mais restritivas e por isso que a decis\u00e3o de Covas, que concorre \u00e0 reelei\u00e7\u00e3o, \u00e9 importante.<\/p>\n<p>Resultados do inqu\u00e9rito sorol\u00f3gico<\/p>\n<p>O inqu\u00e9rito sorol\u00f3gico apresentado nesta ter\u00e7a-feira mostrou que os alunos testados e que tinham anticorpos para covid-19 se deu na seguinte porcentagem, sendo maior a propor\u00e7\u00e3o na rede p\u00fablica: 15,4% nos da rede estadual, de 17,6% na rede municipal e de 12,6% entre os alunos da rede particular. Com isso, de acordo com os resultados, 236.841 alunos j\u00e1 teriam anticorpos para a doen\u00e7a. No inqu\u00e9rito anterior, o resultado de preval\u00eancia havia sido menor entre os alunos da rede particular: 9,7%.<\/p>\n<p>Como em outros inqu\u00e9ritos, a taxa de assintom\u00e1ticos \u00e9 alta entre os estudantes, ficando em 64,9% no geral e chegando a 71,3% na rede municipal. O \u00edndice \u00e9 maior que o registrado em adultos, que gira entre 35% e 40%, de acordo com a Secretaria Municipal da Sa\u00fade. Os dados tamb\u00e9m mostram que 30% dos alunos da rede privada vivem com pessoas com mais de 60 anos, que comp\u00f5e o grupo de risco para a doen\u00e7a. Na rede p\u00fablica, esse \u00edndice varia entre 26% a 29,6%.<\/p>\n<p>&#8220;Este \u00e9 cerne da preocupa\u00e7\u00e3o da volta \u00e0s aulas. Foi isso que fez com que, at\u00e9 agora, a Prefeitura restringisse as medidas, at\u00e9 para evitar que os estudantes levem a doen\u00e7a para dentro de casa e contaminem outras pessoas. Por isso que estamos fazendo tudo com cautela, porque quando houver a retomada, ela deve ser feita de forma modular, para que n\u00e3o tenhamos um segundo pico na cidade e para que n\u00e3o coloquemos em risco crian\u00e7as, professores e familiares&#8221;, disse o prefeito sobre as crian\u00e7as assintom\u00e1ticas.<\/p>\n<p>O inqu\u00e9rito feito em adultos mostrou que a preval\u00eancia da doen\u00e7a em professores \u00e9 de 7,8%. Esse n\u00famero \u00e9 de 12,5% em outras profiss\u00f5es.<\/p>\n<p>Censo sorol\u00f3gico<\/p>\n<p>A Prefeitura j\u00e1 tem \u00e0 disposi\u00e7\u00e3o 180 mil testes para a primeira fase do censo, que tinha previs\u00e3o de dura\u00e7\u00e3o de 15 dias. \u00c9 essa etapa que Covas est\u00e1 esperando para decidir sobre a volta no dia 3 de novembro.<\/p>\n<p>Depois disso, ser\u00e3o feitos acordos com laborat\u00f3rios para examinar um total de 102 mil professores e 670 mil alunos da rede. O procedimento total deve durar cerca de 40 dias. Os beb\u00eas e crian\u00e7as de 0 a 3 anos s\u00e3o as \u00fanicos que far\u00e3o os testes em unidades de sa\u00fade, onde tamb\u00e9m ter\u00e3o a carteira de vacina\u00e7\u00e3o atualizada.<\/p>\n<p>Durante a entrevista coletiva, a secret\u00e1ria-adjunta de Sa\u00fade, Edjane Maria Torre\u00e3o Brito, fez uma apresenta\u00e7\u00e3o tamb\u00e9m sobre a S\u00edndrome Inflamat\u00f3ria Multissist\u00eamica Pedi\u00e1trica, doen\u00e7a rara que pode estar associada, em crian\u00e7as, com a covid. &#8220;Ressalto aqui que, apesar da maioria das crian\u00e7as ter quadro leve, h\u00e1 carga viral alta e revela-se potencial fonte de cont\u00e1gio&#8221;. Ela tamb\u00e9m refor\u00e7ou que o retorno da escola deve ser feito com testes, isolamento e monitoramento de contatos, o que, segundo a secret\u00e1ria, j\u00e1 est\u00e1 sendo feito na cidade.<\/p>\n<p>&nbsp;<\/p>\n<p><strong>Fonte: Terra<\/strong><\/p>\n<p>&nbsp;<\/p>\n","protected":false},"excerpt":{"rendered":"<p>A Prefeitura de S\u00e3o Paulo adiou a decis\u00e3o sobre autorizar a volta \u00e0s aulas em 3 de novembro para a rede p\u00fablica e privada na cidade porque pretende aguardar o resultado do censo sorol\u00f3gico, com testes de covid que est\u00e3o sendo feitos com professores e alunos da rede municipal. O prefeito Bruno Covas (PSDB) havia &hellip;<\/p>\n","protected":false},"author":1,"featured_media":10037,"comment_status":"open","ping_status":"open","sticky":false,"template":"","format":"standard","meta":{"_jetpack_newsletter_access":"","_jetpack_dont_email_post_to_subs":false,"_jetpack_newsletter_tier_id":0,"_jetpack_memberships_contains_paywalled_content":false,"_jetpack_memberships_contains_paid_content":false,"footnotes":""},"categories":[1],"tags":[],"class_list":["post-10036","post","type-post","status-publish","format-standard","has-post-thumbnail","hentry","category-destaque"],"jetpack_sharing_enabled":true,"jetpack_featured_media_url":"","_links":{"self":[{"href":"https:\/\/www.oparanews.com.br\/index.php\/wp-json\/wp\/v2\/posts\/10036","targetHints":{"allow":["GET"]}}],"collection":[{"href":"https:\/\/www.oparanews.com.br\/index.php\/wp-json\/wp\/v2\/posts"}],"about":[{"href":"https:\/\/www.oparanews.com.br\/index.php\/wp-json\/wp\/v2\/types\/post"}],"author":[{"embeddable":true,"href":"https:\/\/www.oparanews.com.br\/index.php\/wp-json\/wp\/v2\/users\/1"}],"replies":[{"embeddable":true,"href":"https:\/\/www.oparanews.com.br\/index.php\/wp-json\/wp\/v2\/comments?post=10036"}],"version-history":[{"count":0,"href":"https:\/\/www.oparanews.com.br\/index.php\/wp-json\/wp\/v2\/posts\/10036\/revisions"}],"wp:attachment":[{"href":"https:\/\/www.oparanews.com.br\/index.php\/wp-json\/wp\/v2\/media?parent=10036"}],"wp:term":[{"taxonomy":"category","embeddable":true,"href":"https:\/\/www.oparanews.com.br\/index.php\/wp-json\/wp\/v2\/categories?post=10036"},{"taxonomy":"post_tag","embeddable":true,"href":"https:\/\/www.oparanews.com.br\/index.php\/wp-json\/wp\/v2\/tags?post=10036"}],"curies":[{"name":"wp","href":"https:\/\/api.w.org\/{rel}","templated":true}]}}