{"id":10054,"date":"2020-10-14T19:18:37","date_gmt":"2020-10-14T19:18:37","guid":{"rendered":"https:\/\/oparanews.com.br\/?p=10054"},"modified":"2020-10-14T19:18:37","modified_gmt":"2020-10-14T19:18:37","slug":"jovem-e-preso-pela-26a-vez-por-furto-em-marechal-deodoro","status":"publish","type":"post","link":"https:\/\/www.oparanews.com.br\/index.php\/2020\/10\/14\/jovem-e-preso-pela-26a-vez-por-furto-em-marechal-deodoro\/","title":{"rendered":"Jovem \u00e9 preso pela 26\u00aa vez por furto em Marechal Deodoro"},"content":{"rendered":"<p>Um jovem de 26 anos foi preso na ter\u00e7a-feira (13) ap\u00f3s furtar objetos da Secretaria Municipal de Assist\u00eancia Social (Semas) de Marechal Deodoro, regi\u00e3o metropolitana de Macei\u00f3.<\/p>\n<p>Segundo a Pol\u00edcia Civil, essa \u00e9 a 26\u00aa que esse jovem, conhecido como Pestinha, \u00e9 preso pelo mesmo crime. Ele foi levado para o Centro Integrado de Seguran\u00e7a P\u00fablica (Cisp) da cidade.<\/p>\n<p>O suspeito j\u00e1 foi preso por furtos a resid\u00eancias, pr\u00e9dios p\u00fablicos e comerciais em Marechal Deodoro. Mas depois que consegue direito de responder pelo crime em liberdade, volta a cometer furtos.<\/p>\n<p>Segundo a pol\u00edcia, existe a suspeita de que na semana passada ele tenha furtado objetos de uma igreja evang\u00e9lica e de outros pr\u00e9dios da prefeitura de Marechal.<\/p>\n<p>&nbsp;<\/p>\n<p><strong>Fonte: G1\/AL<\/strong><\/p>\n<p>&nbsp;<\/p>\n","protected":false},"excerpt":{"rendered":"<p>Um jovem de 26 anos foi preso na ter\u00e7a-feira (13) ap\u00f3s furtar objetos da Secretaria Municipal de Assist\u00eancia Social (Semas) de Marechal Deodoro, regi\u00e3o metropolitana de Macei\u00f3. Segundo a Pol\u00edcia Civil, essa \u00e9 a 26\u00aa que esse jovem, conhecido como Pestinha, \u00e9 preso pelo mesmo crime. Ele foi levado para o Centro Integrado de Seguran\u00e7a &hellip;<\/p>\n","protected":false},"author":1,"featured_media":10055,"comment_status":"open","ping_status":"open","sticky":false,"template":"","format":"standard","meta":{"_jetpack_newsletter_access":"","_jetpack_dont_email_post_to_subs":false,"_jetpack_newsletter_tier_id":0,"_jetpack_memberships_contains_paywalled_content":false,"_jetpack_memberships_contains_paid_content":false,"footnotes":""},"categories":[1],"tags":[],"class_list":["post-10054","post","type-post","status-publish","format-standard","has-post-thumbnail","hentry","category-destaque"],"jetpack_sharing_enabled":true,"jetpack_featured_media_url":"","_links":{"self":[{"href":"https:\/\/www.oparanews.com.br\/index.php\/wp-json\/wp\/v2\/posts\/10054","targetHints":{"allow":["GET"]}}],"collection":[{"href":"https:\/\/www.oparanews.com.br\/index.php\/wp-json\/wp\/v2\/posts"}],"about":[{"href":"https:\/\/www.oparanews.com.br\/index.php\/wp-json\/wp\/v2\/types\/post"}],"author":[{"embeddable":true,"href":"https:\/\/www.oparanews.com.br\/index.php\/wp-json\/wp\/v2\/users\/1"}],"replies":[{"embeddable":true,"href":"https:\/\/www.oparanews.com.br\/index.php\/wp-json\/wp\/v2\/comments?post=10054"}],"version-history":[{"count":0,"href":"https:\/\/www.oparanews.com.br\/index.php\/wp-json\/wp\/v2\/posts\/10054\/revisions"}],"wp:attachment":[{"href":"https:\/\/www.oparanews.com.br\/index.php\/wp-json\/wp\/v2\/media?parent=10054"}],"wp:term":[{"taxonomy":"category","embeddable":true,"href":"https:\/\/www.oparanews.com.br\/index.php\/wp-json\/wp\/v2\/categories?post=10054"},{"taxonomy":"post_tag","embeddable":true,"href":"https:\/\/www.oparanews.com.br\/index.php\/wp-json\/wp\/v2\/tags?post=10054"}],"curies":[{"name":"wp","href":"https:\/\/api.w.org\/{rel}","templated":true}]}}