{"id":10063,"date":"2020-10-15T13:42:50","date_gmt":"2020-10-15T13:42:50","guid":{"rendered":"https:\/\/oparanews.com.br\/?p=10063"},"modified":"2020-10-15T13:42:50","modified_gmt":"2020-10-15T13:42:50","slug":"boletim-epidemiologico-registra-16o-obito-por-covid-19-em-penedo","status":"publish","type":"post","link":"https:\/\/www.oparanews.com.br\/index.php\/2020\/10\/15\/boletim-epidemiologico-registra-16o-obito-por-covid-19-em-penedo\/","title":{"rendered":"Boletim epidemiol\u00f3gico registra 16\u00ba \u00f3bito por Covid-19 em Penedo"},"content":{"rendered":"<p>O boletim epidemiol\u00f3gico da Secretaria Municipal de Sa\u00fade (SEMS) sobre a pandemia da Covid-19 em Penedo informa o 16\u00ba \u00f3bito causado pela doen\u00e7a no munic\u00edpio.<\/p>\n<p>A v\u00edtima \u00e9 um homem de 69 anos que residia no bairro Raimundo Marinho. O idoso n\u00e3o tinha outra comorbidade e morreu na Santa Casa de Macei\u00f3, segundo a confirma\u00e7\u00e3o do \u00f3bito por Covid-19 pela Secretaria de Estado da Sa\u00fade.<\/p>\n<p>O boletim da SEMS Penedo desta quarta-feira, 14 de outubro, informa ainda que 69 pessoas est\u00e3o sendo monitoradas, h\u00e1 quatro casos suspeitos e 1.250 descartados.<\/p>\n<p>Em rela\u00e7\u00e3o aos casos confirmados de cont\u00e1gio por coronav\u00edrus em Penedo, dos 1.506 casos contabilizados at\u00e9 hoje, 1.459 est\u00e3o curados da doen\u00e7a respons\u00e1vel por 2.157 mortes em Alagoas e mais de 150 mil no Brasil.<\/p>\n<p>Ocorr\u00eancia de Covid-19 por localidade de Penedo<\/p>\n<p>Em rela\u00e7\u00e3o \u00e0s localidades com maior incid\u00eancia de casos confirmados de Covid-19 em Penedo, o boletim atualizada da SEMS informa que o bairro Dom Constantino chega a 451 registros.<\/p>\n<p>Em seguida, o bairro Santa Luzia contabiliza 262 casos. O centro da cidade acumula 217, o bairro Raimundo Marinho 140 e o Senhor do Bonfim 129.<\/p>\n<p>Abaixo de cem registros e ainda dentro da \u00e1rea urbana de Penedo est\u00e3o os bairros Santo Ant\u00f4nio (70), Santa Izabel (58) e Santa Cec\u00edlia (15).<\/p>\n<p>Fora da cidade, o boletim epidemiol\u00f3gico de hoje mostra que a comunidade remanescente quilombola Tabuleiro dos Negros acumula 46 casos confirmados.<\/p>\n<p>Os dois n\u00facleos da Cooperativa re\u00fanem 49 registros; o povoado Palmeira Alta 32; o povoado Capela aparece com dez e o Santa Margarida com 19 casos.<\/p>\n<p>Fechando o quadro de estat\u00edstica por localidade est\u00e3o quatro casos confirmados na comunidade Ponta Mofina, segundo a SEMS Penedo.<\/p>\n<p>A Prefeitura de Penedo orienta a popula\u00e7\u00e3o que se dirija at\u00e9 a Unidade de Refer\u00eancia em S\u00edndromes Gripais para ter acesso a atendimento especializado. O centro de triagem para Covid-19 funciona na antiga Escola SENAI, pr\u00f3ximo do Trevo da Toca do \u00cdndio, na Avenida Wanderley, de segunda \u00e0 sexta-feira, no hor\u00e1rio das 8h \u00e0s 17h.<\/p>\n<p>&nbsp;<\/p>\n<p><strong>Por Fernando Vin\u00edcius \u2013 Decom PMP<\/strong><\/p>\n<p>&nbsp;<\/p>\n","protected":false},"excerpt":{"rendered":"<p>O boletim epidemiol\u00f3gico da Secretaria Municipal de Sa\u00fade (SEMS) sobre a pandemia da Covid-19 em Penedo informa o 16\u00ba \u00f3bito causado pela doen\u00e7a no munic\u00edpio. A v\u00edtima \u00e9 um homem de 69 anos que residia no bairro Raimundo Marinho. O idoso n\u00e3o tinha outra comorbidade e morreu na Santa Casa de Macei\u00f3, segundo a confirma\u00e7\u00e3o &hellip;<\/p>\n","protected":false},"author":1,"featured_media":10064,"comment_status":"open","ping_status":"open","sticky":false,"template":"","format":"standard","meta":{"_jetpack_newsletter_access":"","_jetpack_dont_email_post_to_subs":false,"_jetpack_newsletter_tier_id":0,"_jetpack_memberships_contains_paywalled_content":false,"_jetpack_memberships_contains_paid_content":false,"footnotes":""},"categories":[1],"tags":[],"class_list":["post-10063","post","type-post","status-publish","format-standard","has-post-thumbnail","hentry","category-destaque"],"jetpack_sharing_enabled":true,"jetpack_featured_media_url":"","_links":{"self":[{"href":"https:\/\/www.oparanews.com.br\/index.php\/wp-json\/wp\/v2\/posts\/10063","targetHints":{"allow":["GET"]}}],"collection":[{"href":"https:\/\/www.oparanews.com.br\/index.php\/wp-json\/wp\/v2\/posts"}],"about":[{"href":"https:\/\/www.oparanews.com.br\/index.php\/wp-json\/wp\/v2\/types\/post"}],"author":[{"embeddable":true,"href":"https:\/\/www.oparanews.com.br\/index.php\/wp-json\/wp\/v2\/users\/1"}],"replies":[{"embeddable":true,"href":"https:\/\/www.oparanews.com.br\/index.php\/wp-json\/wp\/v2\/comments?post=10063"}],"version-history":[{"count":0,"href":"https:\/\/www.oparanews.com.br\/index.php\/wp-json\/wp\/v2\/posts\/10063\/revisions"}],"wp:attachment":[{"href":"https:\/\/www.oparanews.com.br\/index.php\/wp-json\/wp\/v2\/media?parent=10063"}],"wp:term":[{"taxonomy":"category","embeddable":true,"href":"https:\/\/www.oparanews.com.br\/index.php\/wp-json\/wp\/v2\/categories?post=10063"},{"taxonomy":"post_tag","embeddable":true,"href":"https:\/\/www.oparanews.com.br\/index.php\/wp-json\/wp\/v2\/tags?post=10063"}],"curies":[{"name":"wp","href":"https:\/\/api.w.org\/{rel}","templated":true}]}}