{"id":10066,"date":"2020-10-15T13:51:36","date_gmt":"2020-10-15T13:51:36","guid":{"rendered":"https:\/\/oparanews.com.br\/?p=10066"},"modified":"2020-10-15T13:51:36","modified_gmt":"2020-10-15T13:51:36","slug":"testes-da-vacina-contra-covid-19-serao-concluidos-na-sexta","status":"publish","type":"post","link":"https:\/\/www.oparanews.com.br\/index.php\/2020\/10\/15\/testes-da-vacina-contra-covid-19-serao-concluidos-na-sexta\/","title":{"rendered":"Testes da vacina contra covid-19 ser\u00e3o conclu\u00eddos na sexta"},"content":{"rendered":"<p>O governador de S\u00e3o Paulo, Jo\u00e3o Doria (PSDB), anunciou que at\u00e9 sexta-feira (16) a secretaria estadual da Sa\u00fade e o Instituto Butantan j\u00e1 v\u00e3o ter em m\u00e3os os resultados conclusivos da terceira fase de testes da Coronavac, a vacina contra o novo coronav\u00edrus (covid-19), que \u00e9 analisada em Ribeir\u00e3o Preto.<\/p>\n<p>O imunizante \u00e9 desenvolvido pelo laborat\u00f3rio chin\u00eas Sinovac em parceria com o Instituto Butantan, no Brasil. O Estado de S\u00e3o Paulo j\u00e1 firmou um acordo de US$ 90 milh\u00f5es para aquisi\u00e7\u00e3o de 46 milh\u00f5es de doses da vacina. A expectativa \u00e9 que a campanha de vacina\u00e7\u00e3o tenha in\u00edcio em dezembro.<\/p>\n<p>Os resultados v\u00e3o ser divulgados na segunda-feira (19), pelo diretor do Butantan, Dimas Covas. &#8220;At\u00e9 aqui, todos eles positivos. Nenhuma colateralidade em rela\u00e7\u00e3o aos 13 mil volunt\u00e1rios, m\u00e9dicos e enfermeiros que foram vacinas em sete estados brasileiros&#8221;, disse o governador.<\/p>\n<p>Testes na regi\u00e3o<\/p>\n<p>A vacina contra o coronav\u00edrus desenvolvida pelo laborat\u00f3rio Sinovac e o Instituto Butantan \u00e9 testada em 16 centros de pesquisa espalhados pelo Pa\u00eds, sendo dois na regi\u00e3o: Ribeir\u00e3o Preto e Barretos. Em Ribeir\u00e3o Preto, os testes acontecem no Hospital das Cl\u00ednicas.<\/p>\n<p>Al\u00e9m da Coronavac, o laborat\u00f3rio Janssen\/Johnson&amp;Johnson tamb\u00e9m anunciou que iria analisar a vacina aplicada em volunt\u00e1rios de Ribeir\u00e3o Preto. Por\u00e9m, os testes desta vacina est\u00e3o suspensos, porque um dos volunt\u00e1rios, em local n\u00e3o divulgado, ficou doente ap\u00f3s ter sido imunizado.<\/p>\n<p>O laborat\u00f3rio avalia se houve rela\u00e7\u00e3o com a vacina aplicada.<\/p>\n<p>&nbsp;<\/p>\n<p><strong>Fonte: Cidade ON<\/strong><\/p>\n<p>&nbsp;<\/p>\n","protected":false},"excerpt":{"rendered":"<p>O governador de S\u00e3o Paulo, Jo\u00e3o Doria (PSDB), anunciou que at\u00e9 sexta-feira (16) a secretaria estadual da Sa\u00fade e o Instituto Butantan j\u00e1 v\u00e3o ter em m\u00e3os os resultados conclusivos da terceira fase de testes da Coronavac, a vacina contra o novo coronav\u00edrus (covid-19), que \u00e9 analisada em Ribeir\u00e3o Preto. O imunizante \u00e9 desenvolvido pelo &hellip;<\/p>\n","protected":false},"author":1,"featured_media":10067,"comment_status":"open","ping_status":"open","sticky":false,"template":"","format":"standard","meta":{"_jetpack_newsletter_access":"","_jetpack_dont_email_post_to_subs":false,"_jetpack_newsletter_tier_id":0,"_jetpack_memberships_contains_paywalled_content":false,"_jetpack_memberships_contains_paid_content":false,"footnotes":""},"categories":[1],"tags":[],"class_list":["post-10066","post","type-post","status-publish","format-standard","has-post-thumbnail","hentry","category-destaque"],"jetpack_sharing_enabled":true,"jetpack_featured_media_url":"","_links":{"self":[{"href":"https:\/\/www.oparanews.com.br\/index.php\/wp-json\/wp\/v2\/posts\/10066","targetHints":{"allow":["GET"]}}],"collection":[{"href":"https:\/\/www.oparanews.com.br\/index.php\/wp-json\/wp\/v2\/posts"}],"about":[{"href":"https:\/\/www.oparanews.com.br\/index.php\/wp-json\/wp\/v2\/types\/post"}],"author":[{"embeddable":true,"href":"https:\/\/www.oparanews.com.br\/index.php\/wp-json\/wp\/v2\/users\/1"}],"replies":[{"embeddable":true,"href":"https:\/\/www.oparanews.com.br\/index.php\/wp-json\/wp\/v2\/comments?post=10066"}],"version-history":[{"count":0,"href":"https:\/\/www.oparanews.com.br\/index.php\/wp-json\/wp\/v2\/posts\/10066\/revisions"}],"wp:attachment":[{"href":"https:\/\/www.oparanews.com.br\/index.php\/wp-json\/wp\/v2\/media?parent=10066"}],"wp:term":[{"taxonomy":"category","embeddable":true,"href":"https:\/\/www.oparanews.com.br\/index.php\/wp-json\/wp\/v2\/categories?post=10066"},{"taxonomy":"post_tag","embeddable":true,"href":"https:\/\/www.oparanews.com.br\/index.php\/wp-json\/wp\/v2\/tags?post=10066"}],"curies":[{"name":"wp","href":"https:\/\/api.w.org\/{rel}","templated":true}]}}