{"id":10069,"date":"2020-10-15T13:55:22","date_gmt":"2020-10-15T13:55:22","guid":{"rendered":"https:\/\/oparanews.com.br\/?p=10069"},"modified":"2020-10-15T13:55:22","modified_gmt":"2020-10-15T13:55:22","slug":"palmeiras-demite-vanderlei-luxemburgo-apos-derrota-para-o-coritiba","status":"publish","type":"post","link":"https:\/\/www.oparanews.com.br\/index.php\/2020\/10\/15\/palmeiras-demite-vanderlei-luxemburgo-apos-derrota-para-o-coritiba\/","title":{"rendered":"Palmeiras demite Vanderlei Luxemburgo ap\u00f3s derrota para o Coritiba"},"content":{"rendered":"<p>Vanderlei Luxemburgo n\u00e3o \u00e9 mais t\u00e9cnico do Palmeiras. Ele foi demitido pelo clube nesta quarta-feira, logo ap\u00f3s a derrota por 3 a 1 para o Coritiba, no Allianz Parque, pelo Campeonato Brasileiro.<\/p>\n<p>O Palmeiras chegou a divulgar a entrevista coletiva do treinador depois do jogo, com perguntas previamente enviadas pelos rep\u00f3rteres. Luxemburgo disse que poderia fazer mais para tirar a equipe do momento ruim (tr\u00eas derrotas seguidas).<\/p>\n<p>Al\u00e9m de Luxa, tamb\u00e9m deixam o Palmeiras o auxiliar-t\u00e9cnico Maur\u00edcio Copertino e o preparador f\u00edsico Antonio Mello.<\/p>\n<p>A press\u00e3o pela sa\u00edda do treinador j\u00e1 era enorme nos \u00faltimos dias, sobretudo depois da derrota para o S\u00e3o Paulo, tamb\u00e9m em casa, no s\u00e1bado. A diretoria optou por dar respaldo a Luxa. Mas o novo resultado negativo, contra o Coxa, sacramentou a sa\u00edda.<\/p>\n<p>Contratado no fim de 2019, Luxemburgo retornou ao Palmeiras com a miss\u00e3o de fazer o time jogar de maneira mais ofensiva e comandar uma reformula\u00e7\u00e3o no elenco, usando muito mais garotos da base e abrindo m\u00e3o de outros &#8220;medalh\u00f5es&#8221;.<\/p>\n<p>Ele conquistou o Torneio da Fl\u00f3rida no come\u00e7o do ano e o Campeonato Paulista em agosto. Por\u00e9m, conviveu com as cr\u00edticas dos torcedores pelo time n\u00e3o apresentar um bom futebol, mesmo com a sequ\u00eancia de 20 jogos de invencibilidade.<\/p>\n<p>Sem os resultados em campo, a press\u00e3o foi se tornando cada vez mais forte e, ap\u00f3s tr\u00eas derrotas seguidas, contra Botafogo, S\u00e3o Paulo e Coritiba, o treinador n\u00e3o resistiu e foi demitido.<\/p>\n<p>Luxa encerra sua quinta passagem pelo Palmeiras com 36 jogos oficiais. Foram 17 vit\u00f3rias, 14 empates e cinco derrotas.<\/p>\n<p>&nbsp;<\/p>\n<p><strong>Fonte: GE<\/strong><\/p>\n<p>&nbsp;<\/p>\n","protected":false},"excerpt":{"rendered":"<p>Vanderlei Luxemburgo n\u00e3o \u00e9 mais t\u00e9cnico do Palmeiras. Ele foi demitido pelo clube nesta quarta-feira, logo ap\u00f3s a derrota por 3 a 1 para o Coritiba, no Allianz Parque, pelo Campeonato Brasileiro. O Palmeiras chegou a divulgar a entrevista coletiva do treinador depois do jogo, com perguntas previamente enviadas pelos rep\u00f3rteres. Luxemburgo disse que poderia &hellip;<\/p>\n","protected":false},"author":1,"featured_media":10070,"comment_status":"open","ping_status":"open","sticky":false,"template":"","format":"standard","meta":{"_jetpack_newsletter_access":"","_jetpack_dont_email_post_to_subs":false,"_jetpack_newsletter_tier_id":0,"_jetpack_memberships_contains_paywalled_content":false,"_jetpack_memberships_contains_paid_content":false,"footnotes":""},"categories":[1],"tags":[],"class_list":["post-10069","post","type-post","status-publish","format-standard","has-post-thumbnail","hentry","category-destaque"],"jetpack_sharing_enabled":true,"jetpack_featured_media_url":"","_links":{"self":[{"href":"https:\/\/www.oparanews.com.br\/index.php\/wp-json\/wp\/v2\/posts\/10069","targetHints":{"allow":["GET"]}}],"collection":[{"href":"https:\/\/www.oparanews.com.br\/index.php\/wp-json\/wp\/v2\/posts"}],"about":[{"href":"https:\/\/www.oparanews.com.br\/index.php\/wp-json\/wp\/v2\/types\/post"}],"author":[{"embeddable":true,"href":"https:\/\/www.oparanews.com.br\/index.php\/wp-json\/wp\/v2\/users\/1"}],"replies":[{"embeddable":true,"href":"https:\/\/www.oparanews.com.br\/index.php\/wp-json\/wp\/v2\/comments?post=10069"}],"version-history":[{"count":0,"href":"https:\/\/www.oparanews.com.br\/index.php\/wp-json\/wp\/v2\/posts\/10069\/revisions"}],"wp:attachment":[{"href":"https:\/\/www.oparanews.com.br\/index.php\/wp-json\/wp\/v2\/media?parent=10069"}],"wp:term":[{"taxonomy":"category","embeddable":true,"href":"https:\/\/www.oparanews.com.br\/index.php\/wp-json\/wp\/v2\/categories?post=10069"},{"taxonomy":"post_tag","embeddable":true,"href":"https:\/\/www.oparanews.com.br\/index.php\/wp-json\/wp\/v2\/tags?post=10069"}],"curies":[{"name":"wp","href":"https:\/\/api.w.org\/{rel}","templated":true}]}}