{"id":10081,"date":"2020-10-16T12:20:10","date_gmt":"2020-10-16T12:20:10","guid":{"rendered":"https:\/\/oparanews.com.br\/?p=10081"},"modified":"2020-10-16T12:20:10","modified_gmt":"2020-10-16T12:20:10","slug":"boletim-covid-19-informa-17o-obito-causado-pela-doenca-em-penedo","status":"publish","type":"post","link":"https:\/\/www.oparanews.com.br\/index.php\/2020\/10\/16\/boletim-covid-19-informa-17o-obito-causado-pela-doenca-em-penedo\/","title":{"rendered":"Boletim Covid-19 informa 17\u00ba \u00f3bito causado pela doen\u00e7a em Penedo"},"content":{"rendered":"<p><a href=\"https:\/\/oparanews.com.br\/wp-content\/uploads\/2020\/10\/Sem-t\u00edtulo-92.jpg\"><img loading=\"lazy\" decoding=\"async\" class=\"alignleft size-medium wp-image-10082\" src=\"https:\/\/oparanews.com.br\/wp-content\/uploads\/2020\/10\/Sem-t\u00edtulo-92-273x300.jpg\" alt=\"\" width=\"273\" height=\"300\" \/><\/a>A Secretaria Municipal de Sa\u00fade de Penedo informou por meio do boletim epidemiol\u00f3gico Covid-19 atualizado, o 17\u00ba \u00f3bito provocado pela doen\u00e7a no munic\u00edpio.<\/p>\n<p>A vitima uma idosa de 65 anos, moradora do Bairro Dom Constantino, era hipertensa e faleceu no Hospital Chama, em Arapiraca. O \u00f3bito foi confirmado pela Secretaria Estadual de Sa\u00fade.<\/p>\n<p><strong>Casos confirmados<\/strong><\/p>\n<p>Os n\u00fameros recentes mostram tamb\u00e9m que Penedo possui 1511 casos confirmados, dados contabilizados desde o inicio da pandemia, dos quais 1465 est\u00e3o considerados curados ap\u00f3s passar pelo atendimento especializado.<\/p>\n<p>Al\u00e9m disso, Penedo tem 69 pessoas monitoradas, 04 casos suspeitos e 1257 casos descartados<\/p>\n<p><strong>Localidades<\/strong><\/p>\n<p>De acordo com os novos dados, a localidade com maior n\u00famero de ocorr\u00eancias \u00e9 o Bairro Dom Constantino com 455 casos, seguido pelo Bairro Santa Luzia com 262 e Centro da cidade com 217.<\/p>\n<p>Na zona rural, a Cooperativa, \u00e1rea que abrange os dois n\u00facleos do povoamento, est\u00e1 com o maior n\u00famero de casos confirmados 49, seguido pelo Povoado Tabuleiro dos Negros com 46 e o Povoado Palmeira Alta com 35.<\/p>\n<p>Os n\u00fameros de casos de Covid-19 por localidade seguem a rela\u00e7\u00e3o abaixo:<\/p>\n<p><a href=\"https:\/\/oparanews.com.br\/wp-content\/uploads\/2020\/10\/Sem-t\u00edtulo-94.jpg\"><img loading=\"lazy\" decoding=\"async\" class=\"aligncenter size-full wp-image-10084\" src=\"https:\/\/oparanews.com.br\/wp-content\/uploads\/2020\/10\/Sem-t\u00edtulo-94.jpg\" alt=\"\" width=\"931\" height=\"1024\" \/><\/a><\/p>\n<p><strong>por Thiago Sobral &#8211; Decom (PMP)<\/strong><\/p>\n<p>&nbsp;<\/p>\n","protected":false},"excerpt":{"rendered":"<p>A Secretaria Municipal de Sa\u00fade de Penedo informou por meio do boletim epidemiol\u00f3gico Covid-19 atualizado, o 17\u00ba \u00f3bito provocado pela doen\u00e7a no munic\u00edpio. A vitima uma idosa de 65 anos, moradora do Bairro Dom Constantino, era hipertensa e faleceu no Hospital Chama, em Arapiraca. O \u00f3bito foi confirmado pela Secretaria Estadual de Sa\u00fade. Casos confirmados &hellip;<\/p>\n","protected":false},"author":1,"featured_media":10083,"comment_status":"open","ping_status":"open","sticky":false,"template":"","format":"standard","meta":{"_jetpack_newsletter_access":"","_jetpack_dont_email_post_to_subs":false,"_jetpack_newsletter_tier_id":0,"_jetpack_memberships_contains_paywalled_content":false,"_jetpack_memberships_contains_paid_content":false,"footnotes":""},"categories":[1],"tags":[],"class_list":["post-10081","post","type-post","status-publish","format-standard","has-post-thumbnail","hentry","category-destaque"],"jetpack_sharing_enabled":true,"jetpack_featured_media_url":"","_links":{"self":[{"href":"https:\/\/www.oparanews.com.br\/index.php\/wp-json\/wp\/v2\/posts\/10081","targetHints":{"allow":["GET"]}}],"collection":[{"href":"https:\/\/www.oparanews.com.br\/index.php\/wp-json\/wp\/v2\/posts"}],"about":[{"href":"https:\/\/www.oparanews.com.br\/index.php\/wp-json\/wp\/v2\/types\/post"}],"author":[{"embeddable":true,"href":"https:\/\/www.oparanews.com.br\/index.php\/wp-json\/wp\/v2\/users\/1"}],"replies":[{"embeddable":true,"href":"https:\/\/www.oparanews.com.br\/index.php\/wp-json\/wp\/v2\/comments?post=10081"}],"version-history":[{"count":0,"href":"https:\/\/www.oparanews.com.br\/index.php\/wp-json\/wp\/v2\/posts\/10081\/revisions"}],"wp:attachment":[{"href":"https:\/\/www.oparanews.com.br\/index.php\/wp-json\/wp\/v2\/media?parent=10081"}],"wp:term":[{"taxonomy":"category","embeddable":true,"href":"https:\/\/www.oparanews.com.br\/index.php\/wp-json\/wp\/v2\/categories?post=10081"},{"taxonomy":"post_tag","embeddable":true,"href":"https:\/\/www.oparanews.com.br\/index.php\/wp-json\/wp\/v2\/tags?post=10081"}],"curies":[{"name":"wp","href":"https:\/\/api.w.org\/{rel}","templated":true}]}}