{"id":10092,"date":"2020-10-16T18:30:20","date_gmt":"2020-10-16T18:30:20","guid":{"rendered":"https:\/\/oparanews.com.br\/?p=10092"},"modified":"2020-10-16T18:30:20","modified_gmt":"2020-10-16T18:30:20","slug":"alagoas-confirma-mais-86-casos-de-covid-19","status":"publish","type":"post","link":"https:\/\/www.oparanews.com.br\/index.php\/2020\/10\/16\/alagoas-confirma-mais-86-casos-de-covid-19\/","title":{"rendered":"Alagoas confirma mais 86 casos de Covid-19"},"content":{"rendered":"<p>Alagoas confirmou 86 novos casos e mais cinco mortes por Covid-19, segundo o boletim epidemiol\u00f3gico desta sexta-feira (16) da Secretaria de Estado da Sa\u00fade (Sesau).<\/p>\n<p>Desde o in\u00edcio da pandemia, o estado registrou 89.278 casos confirmados e 2.167 \u00f3bitos por Covid-19.<\/p>\n<p>Das mais de 89 mil pessoas que tiveram a confirma\u00e7\u00e3o da doen\u00e7a causada pelo novo coronav\u00edrus, 86.315 est\u00e3o recuperadas.<\/p>\n<p>O estado tem ainda 2.762 casos suspeitos, aguardando resultado de exames laboratoriais.<\/p>\n<p>Na noite de quinta (15), a taxa de ocupa\u00e7\u00e3o de leitos exclusivos para pacientes com suspeita ou confirma\u00e7\u00e3o de infec\u00e7\u00e3o pelo novo coronav\u00edrus estava em 23%. Considerando apenas os leitos de UTI, a ocupa\u00e7\u00e3o era de 39%.<\/p>\n<p>Mais cinco mortes por Covid-19<\/p>\n<p>Macei\u00f3: Mulher, 49 anos \u2013 doen\u00e7a cardiovascular<br \/>\nDelmiro Gouveia: Homem, 29 anos \u2013 doen\u00e7a hep\u00e1tica cr\u00f4nica<br \/>\nBarra de Santo Ant\u00f4nio: Homem, 74 anos \u2013 diab\u00e9tico, tinha sequelas de um Acidente Vascular Cerebral (AVC)<br \/>\nArapiraca: Homem, 68 anos \u2013 sem comorbidades<br \/>\nMaribondo: Homem, 88 anos \u2013 diab\u00e9tico<\/p>\n<p>&nbsp;<\/p>\n<p><strong>Fonte: G1\/AL<\/strong><\/p>\n<p>&nbsp;<\/p>\n","protected":false},"excerpt":{"rendered":"<p>Alagoas confirmou 86 novos casos e mais cinco mortes por Covid-19, segundo o boletim epidemiol\u00f3gico desta sexta-feira (16) da Secretaria de Estado da Sa\u00fade (Sesau). Desde o in\u00edcio da pandemia, o estado registrou 89.278 casos confirmados e 2.167 \u00f3bitos por Covid-19. Das mais de 89 mil pessoas que tiveram a confirma\u00e7\u00e3o da doen\u00e7a causada pelo &hellip;<\/p>\n","protected":false},"author":1,"featured_media":5161,"comment_status":"open","ping_status":"open","sticky":false,"template":"","format":"standard","meta":{"_jetpack_newsletter_access":"","_jetpack_dont_email_post_to_subs":false,"_jetpack_newsletter_tier_id":0,"_jetpack_memberships_contains_paywalled_content":false,"_jetpack_memberships_contains_paid_content":false,"footnotes":""},"categories":[1],"tags":[],"class_list":["post-10092","post","type-post","status-publish","format-standard","has-post-thumbnail","hentry","category-destaque"],"jetpack_sharing_enabled":true,"jetpack_featured_media_url":"","_links":{"self":[{"href":"https:\/\/www.oparanews.com.br\/index.php\/wp-json\/wp\/v2\/posts\/10092","targetHints":{"allow":["GET"]}}],"collection":[{"href":"https:\/\/www.oparanews.com.br\/index.php\/wp-json\/wp\/v2\/posts"}],"about":[{"href":"https:\/\/www.oparanews.com.br\/index.php\/wp-json\/wp\/v2\/types\/post"}],"author":[{"embeddable":true,"href":"https:\/\/www.oparanews.com.br\/index.php\/wp-json\/wp\/v2\/users\/1"}],"replies":[{"embeddable":true,"href":"https:\/\/www.oparanews.com.br\/index.php\/wp-json\/wp\/v2\/comments?post=10092"}],"version-history":[{"count":0,"href":"https:\/\/www.oparanews.com.br\/index.php\/wp-json\/wp\/v2\/posts\/10092\/revisions"}],"wp:attachment":[{"href":"https:\/\/www.oparanews.com.br\/index.php\/wp-json\/wp\/v2\/media?parent=10092"}],"wp:term":[{"taxonomy":"category","embeddable":true,"href":"https:\/\/www.oparanews.com.br\/index.php\/wp-json\/wp\/v2\/categories?post=10092"},{"taxonomy":"post_tag","embeddable":true,"href":"https:\/\/www.oparanews.com.br\/index.php\/wp-json\/wp\/v2\/tags?post=10092"}],"curies":[{"name":"wp","href":"https:\/\/api.w.org\/{rel}","templated":true}]}}