{"id":10103,"date":"2020-10-18T12:15:15","date_gmt":"2020-10-18T12:15:15","guid":{"rendered":"https:\/\/oparanews.com.br\/?p=10103"},"modified":"2020-10-18T12:15:15","modified_gmt":"2020-10-18T12:15:15","slug":"alagoas-confirma-mais-87-casos-e-cinco-mortes-por-covid-19-em-24h","status":"publish","type":"post","link":"https:\/\/www.oparanews.com.br\/index.php\/2020\/10\/18\/alagoas-confirma-mais-87-casos-e-cinco-mortes-por-covid-19-em-24h\/","title":{"rendered":"Alagoas confirma mais 87 casos e cinco mortes por Covid-19 em 24h"},"content":{"rendered":"<p>Alagoas confirmou 87 novos casos e mais cinco mortes por Covid-19 nas \u00faltimas 24h. Os n\u00fameros foram divulgados neste s\u00e1bado (17) pela Secretaria de Estado da Sa\u00fade (Sesau). Os novos registros fizeram o n\u00famero de pessoas que tiveram a doen\u00e7a confirmada subir para 89.365 e o de mortes para 2.172.<\/p>\n<p>De acordo com o boletim epidemiol\u00f3gico, h\u00e1 2.816 casos suspeitos de Covid-19 no estado, aguardando confirma\u00e7\u00e3o por exames.<\/p>\n<p>Entre as pessoas que tiveram a doen\u00e7a, 86.429 est\u00e3o recuperadas.<\/p>\n<p>Das cinco mortes registradas, um dos pacientes morava em Macei\u00f3 e o restante no interior.<\/p>\n<p><strong>Leitos de Covid-19<\/strong><\/p>\n<p>O boletim de ocupa\u00e7\u00e3o de leitos para Covid-19 mostrou que 22% estavam ocupados at\u00e9 a sexta-feira (16). Ao considerar somente os leitos de UTI, 38% estavam ocupados.<\/p>\n<p><strong>Mais cinco mortes por Covid-19<\/strong><\/p>\n<p>Macei\u00f3: homem, 40 anos \u2013 doen\u00e7a cardiovascular<br \/>\nS\u00e3o Miguel dos Campo: homem, 47 anos \u2013 sem comorbidades<br \/>\nLagoa da Canoa: homem, 72 anos \u2013 hipertenso<br \/>\nSantana do Munda\u00fa: mulher, 54 anos \u2013 sem comorbidades<br \/>\nRio Largo: mulher, 52 anos \u2013 diab\u00e9tica<\/p>\n<p>&nbsp;<\/p>\n<p><strong>Fonte: G1\/AL<\/strong><\/p>\n<p>&nbsp;<\/p>\n","protected":false},"excerpt":{"rendered":"<p>Alagoas confirmou 87 novos casos e mais cinco mortes por Covid-19 nas \u00faltimas 24h. Os n\u00fameros foram divulgados neste s\u00e1bado (17) pela Secretaria de Estado da Sa\u00fade (Sesau). Os novos registros fizeram o n\u00famero de pessoas que tiveram a doen\u00e7a confirmada subir para 89.365 e o de mortes para 2.172. De acordo com o boletim &hellip;<\/p>\n","protected":false},"author":1,"featured_media":10104,"comment_status":"open","ping_status":"open","sticky":false,"template":"","format":"standard","meta":{"_jetpack_newsletter_access":"","_jetpack_dont_email_post_to_subs":false,"_jetpack_newsletter_tier_id":0,"_jetpack_memberships_contains_paywalled_content":false,"_jetpack_memberships_contains_paid_content":false,"footnotes":""},"categories":[1],"tags":[],"class_list":["post-10103","post","type-post","status-publish","format-standard","has-post-thumbnail","hentry","category-destaque"],"jetpack_sharing_enabled":true,"jetpack_featured_media_url":"","_links":{"self":[{"href":"https:\/\/www.oparanews.com.br\/index.php\/wp-json\/wp\/v2\/posts\/10103","targetHints":{"allow":["GET"]}}],"collection":[{"href":"https:\/\/www.oparanews.com.br\/index.php\/wp-json\/wp\/v2\/posts"}],"about":[{"href":"https:\/\/www.oparanews.com.br\/index.php\/wp-json\/wp\/v2\/types\/post"}],"author":[{"embeddable":true,"href":"https:\/\/www.oparanews.com.br\/index.php\/wp-json\/wp\/v2\/users\/1"}],"replies":[{"embeddable":true,"href":"https:\/\/www.oparanews.com.br\/index.php\/wp-json\/wp\/v2\/comments?post=10103"}],"version-history":[{"count":0,"href":"https:\/\/www.oparanews.com.br\/index.php\/wp-json\/wp\/v2\/posts\/10103\/revisions"}],"wp:attachment":[{"href":"https:\/\/www.oparanews.com.br\/index.php\/wp-json\/wp\/v2\/media?parent=10103"}],"wp:term":[{"taxonomy":"category","embeddable":true,"href":"https:\/\/www.oparanews.com.br\/index.php\/wp-json\/wp\/v2\/categories?post=10103"},{"taxonomy":"post_tag","embeddable":true,"href":"https:\/\/www.oparanews.com.br\/index.php\/wp-json\/wp\/v2\/tags?post=10103"}],"curies":[{"name":"wp","href":"https:\/\/api.w.org\/{rel}","templated":true}]}}