{"id":10127,"date":"2020-10-18T14:23:46","date_gmt":"2020-10-18T14:23:46","guid":{"rendered":"https:\/\/oparanews.com.br\/?p=10127"},"modified":"2020-10-18T14:23:46","modified_gmt":"2020-10-18T14:23:46","slug":"brasil-nao-tera-horario-de-verao-pelo-segundo-ano-consecutivo","status":"publish","type":"post","link":"https:\/\/www.oparanews.com.br\/index.php\/2020\/10\/18\/brasil-nao-tera-horario-de-verao-pelo-segundo-ano-consecutivo\/","title":{"rendered":"Brasil n\u00e3o ter\u00e1 hor\u00e1rio de ver\u00e3o pelo segundo ano consecutivo"},"content":{"rendered":"<p>Pelo segundo ano seguido, o Brasil n\u00e3o ter\u00e1 hor\u00e1rio de ver\u00e3o, instrumento usado de 2008 a 2018 com o objetivo de economizar o consumo de energia em 10 estados que registram maior luminosidade entre outubro e fevereiro.<\/p>\n<p>Por decreto em abril do ano passado, o presidente Jair Bolsonaro encerrou o hor\u00e1rio de ver\u00e3o ap\u00f3s estudo do Minist\u00e9rio de Minas e Energia (MME) apontar que, com o fim da mudan\u00e7a tempor\u00e1ria, o consumidor teria uma economia de R$ 100 milh\u00f5es.<\/p>\n<p>&#8220;Nos \u00faltimos anos, com as mudan\u00e7as no h\u00e1bito de consumo da popula\u00e7\u00e3o e a intensifica\u00e7\u00e3o do uso do ar condicionado, o per\u00edodo de maior consumo di\u00e1rio de energia el\u00e9trica foi deslocado para o per\u00edodo da tarde, quando o hor\u00e1rio de ver\u00e3o n\u00e3o tinha influ\u00eancia. Como a luz traz consigo o calor, o hor\u00e1rio de ver\u00e3o tamb\u00e9m passou a produzir um efeito de aumento de consumo em determinados hor\u00e1rios, que j\u00e1 superavam seus benef\u00edcios&#8221;, explicou o MME em nota na \u00e9poca.<\/p>\n<p>A redu\u00e7\u00e3o da economia do hor\u00e1rio de ver\u00e3o come\u00e7ou a ser percebida e questionada em 2017, quando foi registrada uma queda de consumo da ordem de 2.185 megawatts, equivalente a cerca de R$ 145 milh\u00f5es. Em 2013, a economia havia sido de R$ 405 milh\u00f5es, caindo para R$ 159,5 milh\u00f5es em 2016, uma queda de 60%.<\/p>\n<p>&nbsp;<\/p>\n<p><strong>Fonte: com Metr\u00f3poles<\/strong><\/p>\n<p>&nbsp;<\/p>\n","protected":false},"excerpt":{"rendered":"<p>Pelo segundo ano seguido, o Brasil n\u00e3o ter\u00e1 hor\u00e1rio de ver\u00e3o, instrumento usado de 2008 a 2018 com o objetivo de economizar o consumo de energia em 10 estados que registram maior luminosidade entre outubro e fevereiro. Por decreto em abril do ano passado, o presidente Jair Bolsonaro encerrou o hor\u00e1rio de ver\u00e3o ap\u00f3s estudo &hellip;<\/p>\n","protected":false},"author":1,"featured_media":10128,"comment_status":"open","ping_status":"open","sticky":false,"template":"","format":"standard","meta":{"_jetpack_newsletter_access":"","_jetpack_dont_email_post_to_subs":false,"_jetpack_newsletter_tier_id":0,"_jetpack_memberships_contains_paywalled_content":false,"_jetpack_memberships_contains_paid_content":false,"footnotes":""},"categories":[1],"tags":[],"class_list":["post-10127","post","type-post","status-publish","format-standard","has-post-thumbnail","hentry","category-destaque"],"jetpack_sharing_enabled":true,"jetpack_featured_media_url":"","_links":{"self":[{"href":"https:\/\/www.oparanews.com.br\/index.php\/wp-json\/wp\/v2\/posts\/10127","targetHints":{"allow":["GET"]}}],"collection":[{"href":"https:\/\/www.oparanews.com.br\/index.php\/wp-json\/wp\/v2\/posts"}],"about":[{"href":"https:\/\/www.oparanews.com.br\/index.php\/wp-json\/wp\/v2\/types\/post"}],"author":[{"embeddable":true,"href":"https:\/\/www.oparanews.com.br\/index.php\/wp-json\/wp\/v2\/users\/1"}],"replies":[{"embeddable":true,"href":"https:\/\/www.oparanews.com.br\/index.php\/wp-json\/wp\/v2\/comments?post=10127"}],"version-history":[{"count":0,"href":"https:\/\/www.oparanews.com.br\/index.php\/wp-json\/wp\/v2\/posts\/10127\/revisions"}],"wp:attachment":[{"href":"https:\/\/www.oparanews.com.br\/index.php\/wp-json\/wp\/v2\/media?parent=10127"}],"wp:term":[{"taxonomy":"category","embeddable":true,"href":"https:\/\/www.oparanews.com.br\/index.php\/wp-json\/wp\/v2\/categories?post=10127"},{"taxonomy":"post_tag","embeddable":true,"href":"https:\/\/www.oparanews.com.br\/index.php\/wp-json\/wp\/v2\/tags?post=10127"}],"curies":[{"name":"wp","href":"https:\/\/api.w.org\/{rel}","templated":true}]}}