{"id":10133,"date":"2020-10-18T14:41:39","date_gmt":"2020-10-18T14:41:39","guid":{"rendered":"https:\/\/oparanews.com.br\/?p=10133"},"modified":"2020-10-18T14:41:39","modified_gmt":"2020-10-18T14:41:39","slug":"galvao-negocia-com-globo-para-narrar-copa-de-2022","status":"publish","type":"post","link":"https:\/\/www.oparanews.com.br\/index.php\/2020\/10\/18\/galvao-negocia-com-globo-para-narrar-copa-de-2022\/","title":{"rendered":"Galv\u00e3o negocia com Globo para narrar Copa de 2022"},"content":{"rendered":"<p>Galv\u00e3o Bueno revelou em mar\u00e7o deste ano, no &#8216;Altas Horas&#8217;, que n\u00e3o narraria a Copa do Mundo do Catar, em 2022. Estava decidido. Por\u00e9m, sete meses e uma pandemia depois, o maior nome do esporte da Globo parece ter mudado de ideia. E a Covid-19 tem muito a ver com isso.<\/p>\n<p>&#8220;Esse ano parado j\u00e1 est\u00e1 me fazendo pensar um pouco. E j\u00e1 estamos conversando, dire\u00e7\u00e3o da Globo e eu. Quem sabe aquela not\u00edcia que eu te dei n\u00e3o vale mais&#8221;, disse Galv\u00e3o \u00e0 Serginho Groisman, tamb\u00e9m no &#8216;Altas Horas&#8217;, desta vez, neste s\u00e1bado. O apresentador do programa comemorou.<\/p>\n<p>&#8220;Quem em 2022 voc\u00ea esteja tinindo pra gente conseguir mais um caneco e ouvirmos suas emo\u00e7\u00f5es&#8221;, afirmou.<\/p>\n<p>O narrador parece que sentiu falta das narra\u00e7\u00f5es. O veterano est\u00e1 afastado do trabalho presencial desde mar\u00e7o e, por consequ\u00eancia, das narra\u00e7\u00f5es, fazendo apenas participa\u00e7\u00f5es, de casa, como comentarista nos canais &#8216;SporTV&#8217;. Galv\u00e3o falou sobre a doen\u00e7a que j\u00e1 matou mais de 1 milh\u00e3o de pessoas no mundo.<\/p>\n<p>&#8220;A doen\u00e7a \u00e9 um problema muito s\u00e9rio. Algumas pessoas fizeram quest\u00e3o de n\u00e3o levar t\u00e3o a s\u00e9rio. \u00c9 um drama, estamos atravessando uma turbul\u00eancia terr\u00edvel no mundo inteiro. Veja, neste momento a Europa volta a aumentar o n\u00famero de casos, passamos de 1 milh\u00e3o de mortos. Parece que as pessoas relaxaram no isolamento, mas continuamos com esse problema&#8221;, declarou.<\/p>\n<p>&nbsp;<\/p>\n<p><strong>Fonte: LANCE!<\/strong><\/p>\n<p>&nbsp;<\/p>\n","protected":false},"excerpt":{"rendered":"<p>Galv\u00e3o Bueno revelou em mar\u00e7o deste ano, no &#8216;Altas Horas&#8217;, que n\u00e3o narraria a Copa do Mundo do Catar, em 2022. Estava decidido. Por\u00e9m, sete meses e uma pandemia depois, o maior nome do esporte da Globo parece ter mudado de ideia. E a Covid-19 tem muito a ver com isso. &#8220;Esse ano parado j\u00e1 &hellip;<\/p>\n","protected":false},"author":1,"featured_media":10134,"comment_status":"open","ping_status":"open","sticky":false,"template":"","format":"standard","meta":{"_jetpack_newsletter_access":"","_jetpack_dont_email_post_to_subs":false,"_jetpack_newsletter_tier_id":0,"_jetpack_memberships_contains_paywalled_content":false,"_jetpack_memberships_contains_paid_content":false,"footnotes":""},"categories":[1],"tags":[],"class_list":["post-10133","post","type-post","status-publish","format-standard","has-post-thumbnail","hentry","category-destaque"],"jetpack_sharing_enabled":true,"jetpack_featured_media_url":"","_links":{"self":[{"href":"https:\/\/www.oparanews.com.br\/index.php\/wp-json\/wp\/v2\/posts\/10133","targetHints":{"allow":["GET"]}}],"collection":[{"href":"https:\/\/www.oparanews.com.br\/index.php\/wp-json\/wp\/v2\/posts"}],"about":[{"href":"https:\/\/www.oparanews.com.br\/index.php\/wp-json\/wp\/v2\/types\/post"}],"author":[{"embeddable":true,"href":"https:\/\/www.oparanews.com.br\/index.php\/wp-json\/wp\/v2\/users\/1"}],"replies":[{"embeddable":true,"href":"https:\/\/www.oparanews.com.br\/index.php\/wp-json\/wp\/v2\/comments?post=10133"}],"version-history":[{"count":0,"href":"https:\/\/www.oparanews.com.br\/index.php\/wp-json\/wp\/v2\/posts\/10133\/revisions"}],"wp:attachment":[{"href":"https:\/\/www.oparanews.com.br\/index.php\/wp-json\/wp\/v2\/media?parent=10133"}],"wp:term":[{"taxonomy":"category","embeddable":true,"href":"https:\/\/www.oparanews.com.br\/index.php\/wp-json\/wp\/v2\/categories?post=10133"},{"taxonomy":"post_tag","embeddable":true,"href":"https:\/\/www.oparanews.com.br\/index.php\/wp-json\/wp\/v2\/tags?post=10133"}],"curies":[{"name":"wp","href":"https:\/\/api.w.org\/{rel}","templated":true}]}}