{"id":10136,"date":"2020-10-18T14:43:38","date_gmt":"2020-10-18T14:43:38","guid":{"rendered":"https:\/\/oparanews.com.br\/?p=10136"},"modified":"2020-10-18T14:43:38","modified_gmt":"2020-10-18T14:43:38","slug":"defensoria-publica-quer-suspender-circulacao-da-nota-de-r-200","status":"publish","type":"post","link":"https:\/\/www.oparanews.com.br\/index.php\/2020\/10\/18\/defensoria-publica-quer-suspender-circulacao-da-nota-de-r-200\/","title":{"rendered":"Defensoria P\u00fablica quer suspender circula\u00e7\u00e3o da nota de R$ 200"},"content":{"rendered":"<p>A nova nota de R$ 200 j\u00e1 est\u00e1 em circula\u00e7\u00e3o no mercado brasileiro desde o in\u00edcio de setembro. No entanto, a c\u00e9dula gerou controv\u00e9rsias por conta de sua dimens\u00e3o, o que resultou em uma A\u00e7\u00e3o Civil P\u00fablica da Defensoria P\u00fablica da Uni\u00e3o. Os defensores alegam falta de acessibilidade, j\u00e1 que as novas c\u00e9dulas t\u00eam as mesmas dimens\u00f5es da nota de R$ 20.<\/p>\n<p>A a\u00e7\u00e3o foi protocolada no dia 9 de outubro. Al\u00e9m da DPU, o documento tamb\u00e9m \u00e9 assinado em conjunto com a Defensoria P\u00fablica do Distrito Federal e com a Organiza\u00e7\u00e3o Nacional de Cegos do Brasil. A medida tamb\u00e9m prev\u00ea multa de R$ 50 mil por dia em caso de descumprimento.<\/p>\n<p>\u201cA inviabiliza\u00e7\u00e3o da identifica\u00e7\u00e3o da nova c\u00e9dula pelas pessoas com defici\u00eancia visual, por gerar efeitos de exclus\u00e3o e preju\u00edzo ao exerc\u00edcio dos direitos dessa comunidade, caracteriza discrimina\u00e7\u00e3o por parte da Administra\u00e7\u00e3o P\u00fablica\u201d, diz trecho do documento.<\/p>\n<p>Segundo o Banco Central, o lan\u00e7amento da nota de R$ 200 com o mesmo tamanho da de R$ 200 foi porque \u201cn\u00e3o haveria tempo h\u00e1bil para adapta\u00e7\u00f5es no parque fabril da Casa da Moeda nem para fabrica\u00e7\u00e3o por fornecedor estrangeiro\u201d.<\/p>\n<p>Ainda de acordo com o BC, \u201cimprimir mais c\u00e9dulas de R$100 at\u00e9 o volume necess\u00e1rio n\u00e3o se mostrou alternativa fact\u00edvel, pois a capacidade de produ\u00e7\u00e3o da referida denomina\u00e7\u00e3o no ano de 2020 estava comprometida\u201d.<\/p>\n<p>A Defensoria P\u00fablica solicita que a Justi\u00e7a determine o recolhimento das notas de R$ 200 que j\u00e1 est\u00e3o em circula\u00e7\u00e3o. Al\u00e9m disso, que a produ\u00e7\u00e3o de novas c\u00e9dulas sejam em dimens\u00f5es diferentes das j\u00e1 existentes.<\/p>\n<p>Nota de R$ 200<\/p>\n<p>As c\u00e9dulas j\u00e1 est\u00e3o em circula\u00e7\u00e3o e sua distribui\u00e7\u00e3o deve ocorrer at\u00e9 o fim do ano. No total, s\u00e3o 450 milh\u00f5es de notas estampadas com o lobo-guar\u00e1.<\/p>\n<p>A c\u00e9dula possui tons cinza, azul e s\u00e9pia e o animal estampado \u00e9 o lobo-guar\u00e1. A escolha da estampa foi feita a partir de uma pesquisa realizada na \u00e9poca do lan\u00e7amento das notas de R$ 2 e R$ 20.<\/p>\n<p>Elementos de seguran\u00e7a presentes nas notas<\/p>\n<p>Marca d\u2019\u00e1gua e quebra cabe\u00e7a<\/p>\n<p>Assim como todas as c\u00e9dulas da fam\u00edlia do real, a de 200 reais tamb\u00e9m tem a marca d\u2019\u00e1gua. Al\u00e9m disso, tem uma esp\u00e9cie de \u201cquebra-cabe\u00e7a\u201d, que forma o n\u00famero 200 no lado superior esquerdo.<\/p>\n<p>N\u00famero que muda de cor<\/p>\n<p>Repare na barra brilhante que parece rolar pelo n\u00famero e na mudan\u00e7a de cor, do azul para o verde.<\/p>\n<p>N\u00famero escondido<\/p>\n<p>Coloque a nota na altura dos olhos, na posi\u00e7\u00e3o horizontal, em um local bem iluminado. E veja o n\u00famero 200 que est\u00e1 oculto no lado direito da c\u00e9dula.<\/p>\n<p>Alto-relevo<\/p>\n<p>Passe os dedos sobre o lobo-guar\u00e1, o n\u00famero de 200 e sobre a inscri\u00e7\u00e3o Banco Central do Brasil no lado da nota em que aparece o animal. No lado da ef\u00edgie da Rep\u00fablica, o relevo est\u00e1 na inscri\u00e7\u00e3o Rep\u00fablica Federativa do Brasil, nas flores e folhas nas laterais e em \u201c200 reais\u201d.<\/p>\n<p>&nbsp;<\/p>\n<p><strong>Fonte: FDR<\/strong><\/p>\n<p>&nbsp;<\/p>\n","protected":false},"excerpt":{"rendered":"<p>A nova nota de R$ 200 j\u00e1 est\u00e1 em circula\u00e7\u00e3o no mercado brasileiro desde o in\u00edcio de setembro. No entanto, a c\u00e9dula gerou controv\u00e9rsias por conta de sua dimens\u00e3o, o que resultou em uma A\u00e7\u00e3o Civil P\u00fablica da Defensoria P\u00fablica da Uni\u00e3o. Os defensores alegam falta de acessibilidade, j\u00e1 que as novas c\u00e9dulas t\u00eam as &hellip;<\/p>\n","protected":false},"author":1,"featured_media":10137,"comment_status":"open","ping_status":"open","sticky":false,"template":"","format":"standard","meta":{"_jetpack_newsletter_access":"","_jetpack_dont_email_post_to_subs":false,"_jetpack_newsletter_tier_id":0,"_jetpack_memberships_contains_paywalled_content":false,"_jetpack_memberships_contains_paid_content":false,"footnotes":""},"categories":[1],"tags":[],"class_list":["post-10136","post","type-post","status-publish","format-standard","has-post-thumbnail","hentry","category-destaque"],"jetpack_sharing_enabled":true,"jetpack_featured_media_url":"","_links":{"self":[{"href":"https:\/\/www.oparanews.com.br\/index.php\/wp-json\/wp\/v2\/posts\/10136","targetHints":{"allow":["GET"]}}],"collection":[{"href":"https:\/\/www.oparanews.com.br\/index.php\/wp-json\/wp\/v2\/posts"}],"about":[{"href":"https:\/\/www.oparanews.com.br\/index.php\/wp-json\/wp\/v2\/types\/post"}],"author":[{"embeddable":true,"href":"https:\/\/www.oparanews.com.br\/index.php\/wp-json\/wp\/v2\/users\/1"}],"replies":[{"embeddable":true,"href":"https:\/\/www.oparanews.com.br\/index.php\/wp-json\/wp\/v2\/comments?post=10136"}],"version-history":[{"count":0,"href":"https:\/\/www.oparanews.com.br\/index.php\/wp-json\/wp\/v2\/posts\/10136\/revisions"}],"wp:attachment":[{"href":"https:\/\/www.oparanews.com.br\/index.php\/wp-json\/wp\/v2\/media?parent=10136"}],"wp:term":[{"taxonomy":"category","embeddable":true,"href":"https:\/\/www.oparanews.com.br\/index.php\/wp-json\/wp\/v2\/categories?post=10136"},{"taxonomy":"post_tag","embeddable":true,"href":"https:\/\/www.oparanews.com.br\/index.php\/wp-json\/wp\/v2\/tags?post=10136"}],"curies":[{"name":"wp","href":"https:\/\/api.w.org\/{rel}","templated":true}]}}