{"id":10147,"date":"2020-10-19T18:46:56","date_gmt":"2020-10-19T18:46:56","guid":{"rendered":"https:\/\/oparanews.com.br\/?p=10147"},"modified":"2020-10-19T18:46:56","modified_gmt":"2020-10-19T18:46:56","slug":"alagoas-ultrapassa-2-180-mortes-por-covid-19","status":"publish","type":"post","link":"https:\/\/www.oparanews.com.br\/index.php\/2020\/10\/19\/alagoas-ultrapassa-2-180-mortes-por-covid-19\/","title":{"rendered":"Alagoas ultrapassa 2.180 mortes por Covid-19"},"content":{"rendered":"<p>Alagoas confirmou 35 novos casos e mais cinco mortes por Covid-19, de acordo com boletim epidemiol\u00f3gico desta segunda-feira (19) da Secretaria de Estado da Sa\u00fade (Sesau).<\/p>\n<p>O estado ultrapassou 2.180 mortes desde o in\u00edcio da pandemia, contabilizando atualmente 2.182 \u00f3bitos causados pelo novo coronav\u00edrus.<\/p>\n<p>Com os 35 novos casos, o total de pessoas infectadas pelo novo coronav\u00edrus aumentou para 89.528.<\/p>\n<p>H\u00e1 2.832 casos suspeitos, em investiga\u00e7\u00e3o laboratorial. Outros 86.700 pacientes j\u00e1 finalizaram o tratamento e est\u00e3o recuperados.<\/p>\n<p>A ocupa\u00e7\u00e3o de leitos exclusivos para Covid-19 estava em 23% na manh\u00e3 desta segunda. Considerando apenas os leitos de UTI, a taxa sobe para 41%.<\/p>\n<p>Mais cinco mortes por Covid-19<\/p>\n<p>Macei\u00f3: Mulher, 91 anos \u2013 sem comorbidades<br \/>\nAnadia: Mulher, 65 anos \u2013 sem comorbidades<br \/>\nPalmeira dos \u00cdndios: Homem, 69 anos \u2013 diab\u00e9tico<br \/>\nUni\u00e3o dos Palmares: Homem, 61 anos \u2013 sem comorbidades<br \/>\nS\u00e3o Sebasti\u00e3o: Homem, 82 anos \u2013 hipertenso<\/p>\n<p>&nbsp;<\/p>\n<p><strong>Fonte: G1\/AL<\/strong><\/p>\n<p>&nbsp;<\/p>\n","protected":false},"excerpt":{"rendered":"<p>Alagoas confirmou 35 novos casos e mais cinco mortes por Covid-19, de acordo com boletim epidemiol\u00f3gico desta segunda-feira (19) da Secretaria de Estado da Sa\u00fade (Sesau). O estado ultrapassou 2.180 mortes desde o in\u00edcio da pandemia, contabilizando atualmente 2.182 \u00f3bitos causados pelo novo coronav\u00edrus. Com os 35 novos casos, o total de pessoas infectadas pelo &hellip;<\/p>\n","protected":false},"author":1,"featured_media":6872,"comment_status":"open","ping_status":"open","sticky":false,"template":"","format":"standard","meta":{"_jetpack_newsletter_access":"","_jetpack_dont_email_post_to_subs":false,"_jetpack_newsletter_tier_id":0,"_jetpack_memberships_contains_paywalled_content":false,"_jetpack_memberships_contains_paid_content":false,"footnotes":""},"categories":[1],"tags":[],"class_list":["post-10147","post","type-post","status-publish","format-standard","has-post-thumbnail","hentry","category-destaque"],"jetpack_sharing_enabled":true,"jetpack_featured_media_url":"","_links":{"self":[{"href":"https:\/\/www.oparanews.com.br\/index.php\/wp-json\/wp\/v2\/posts\/10147","targetHints":{"allow":["GET"]}}],"collection":[{"href":"https:\/\/www.oparanews.com.br\/index.php\/wp-json\/wp\/v2\/posts"}],"about":[{"href":"https:\/\/www.oparanews.com.br\/index.php\/wp-json\/wp\/v2\/types\/post"}],"author":[{"embeddable":true,"href":"https:\/\/www.oparanews.com.br\/index.php\/wp-json\/wp\/v2\/users\/1"}],"replies":[{"embeddable":true,"href":"https:\/\/www.oparanews.com.br\/index.php\/wp-json\/wp\/v2\/comments?post=10147"}],"version-history":[{"count":0,"href":"https:\/\/www.oparanews.com.br\/index.php\/wp-json\/wp\/v2\/posts\/10147\/revisions"}],"wp:attachment":[{"href":"https:\/\/www.oparanews.com.br\/index.php\/wp-json\/wp\/v2\/media?parent=10147"}],"wp:term":[{"taxonomy":"category","embeddable":true,"href":"https:\/\/www.oparanews.com.br\/index.php\/wp-json\/wp\/v2\/categories?post=10147"},{"taxonomy":"post_tag","embeddable":true,"href":"https:\/\/www.oparanews.com.br\/index.php\/wp-json\/wp\/v2\/tags?post=10147"}],"curies":[{"name":"wp","href":"https:\/\/api.w.org\/{rel}","templated":true}]}}