{"id":10149,"date":"2020-10-19T18:54:56","date_gmt":"2020-10-19T18:54:56","guid":{"rendered":"https:\/\/oparanews.com.br\/?p=10149"},"modified":"2020-10-19T18:54:56","modified_gmt":"2020-10-19T18:54:56","slug":"vacina-nao-sera-obrigatoria-e-ponto-final-diz-bolsonaro","status":"publish","type":"post","link":"https:\/\/www.oparanews.com.br\/index.php\/2020\/10\/19\/vacina-nao-sera-obrigatoria-e-ponto-final-diz-bolsonaro\/","title":{"rendered":"&#8220;Vacina n\u00e3o ser\u00e1 obrigat\u00f3ria e ponto final&#8217;, diz Bolsonaro"},"content":{"rendered":"<p>O presidente Jair Bolsonaro voltou a afirmar nesta segunda-feira, 19, que uma poss\u00edvel vacina contra a covid-19 n\u00e3o ser\u00e1 obrigat\u00f3ria. Sem citar diretamente o governador de S\u00e3o Paulo, Jo\u00e3o Doria (PSDB), Bolsonaro disse que tem &#8220;governador que est\u00e1 se intitulando o m\u00e9dico do Brasil&#8221;.<\/p>\n<p>O chefe do Executivo citou que o pr\u00f3prio ministro da Sa\u00fade, Eduardo Pazuello, disse que a imuniza\u00e7\u00e3o n\u00e3o ser\u00e1 compuls\u00f3ria, apesar de ser oferecida gratuitamente pelo governo.<\/p>\n<p>&#8220;A lei \u00e9 bem clara e quem define isso \u00e9 o Minist\u00e9rio da Sa\u00fade. O meu ministro da Sa\u00fade j\u00e1 disse que n\u00e3o ser\u00e1 obrigat\u00f3ria essa vacina e ponto final&#8221;, disse para apoiadores nesta manh\u00e3 na sa\u00edda do Pal\u00e1cio da Alvorada.<\/p>\n<p>Na \u00faltima sexta-feira, 16, Bolsonaro j\u00e1 havia sinalizado que o governo n\u00e3o iria obrigar a popula\u00e7\u00e3o a se vacinar. A declara\u00e7\u00e3o via redes sociais ocorreu no mesmo dia em que o governador de S\u00e3o Paulo disse que a imuniza\u00e7\u00e3o seria obrigat\u00f3ria no Estado.<\/p>\n<p>&#8220;Outra coisa, tem um governador que est\u00e1 se intitulando o m\u00e9dico do Brasil dizendo que ela (vacina) ser\u00e1 obrigat\u00f3ria, e n\u00e3o ser\u00e1&#8221;, disse o presidente hoje, sem citar Doria diretamente.<\/p>\n<p>&#8220;Da nossa parte, quando estiver em condi\u00e7\u00f5es, depois de aprovada pelo Minist\u00e9rio da Sa\u00fade, com comprova\u00e7\u00e3o cient\u00edfica e validada pela Anvisa, a\u00ed ofereceremos ao Brasil de forma gratuita. Mas repito, n\u00e3o ser\u00e1 obrigat\u00f3ria&#8221;, acrescentou. O chefe do Executivo opinou ainda que uma vacina estrangeira deve primeiro ser aplicada em massa no seu Pa\u00eds de origem para depois ser oferecida a demais pa\u00edses.<\/p>\n<p>&nbsp;<\/p>\n<p><strong>Fonte: Terra<\/strong><\/p>\n<p>&nbsp;<\/p>\n","protected":false},"excerpt":{"rendered":"<p>O presidente Jair Bolsonaro voltou a afirmar nesta segunda-feira, 19, que uma poss\u00edvel vacina contra a covid-19 n\u00e3o ser\u00e1 obrigat\u00f3ria. Sem citar diretamente o governador de S\u00e3o Paulo, Jo\u00e3o Doria (PSDB), Bolsonaro disse que tem &#8220;governador que est\u00e1 se intitulando o m\u00e9dico do Brasil&#8221;. O chefe do Executivo citou que o pr\u00f3prio ministro da Sa\u00fade, &hellip;<\/p>\n","protected":false},"author":1,"featured_media":10150,"comment_status":"open","ping_status":"open","sticky":false,"template":"","format":"standard","meta":{"_jetpack_newsletter_access":"","_jetpack_dont_email_post_to_subs":false,"_jetpack_newsletter_tier_id":0,"_jetpack_memberships_contains_paywalled_content":false,"_jetpack_memberships_contains_paid_content":false,"footnotes":""},"categories":[1],"tags":[],"class_list":["post-10149","post","type-post","status-publish","format-standard","has-post-thumbnail","hentry","category-destaque"],"jetpack_sharing_enabled":true,"jetpack_featured_media_url":"","_links":{"self":[{"href":"https:\/\/www.oparanews.com.br\/index.php\/wp-json\/wp\/v2\/posts\/10149","targetHints":{"allow":["GET"]}}],"collection":[{"href":"https:\/\/www.oparanews.com.br\/index.php\/wp-json\/wp\/v2\/posts"}],"about":[{"href":"https:\/\/www.oparanews.com.br\/index.php\/wp-json\/wp\/v2\/types\/post"}],"author":[{"embeddable":true,"href":"https:\/\/www.oparanews.com.br\/index.php\/wp-json\/wp\/v2\/users\/1"}],"replies":[{"embeddable":true,"href":"https:\/\/www.oparanews.com.br\/index.php\/wp-json\/wp\/v2\/comments?post=10149"}],"version-history":[{"count":0,"href":"https:\/\/www.oparanews.com.br\/index.php\/wp-json\/wp\/v2\/posts\/10149\/revisions"}],"wp:attachment":[{"href":"https:\/\/www.oparanews.com.br\/index.php\/wp-json\/wp\/v2\/media?parent=10149"}],"wp:term":[{"taxonomy":"category","embeddable":true,"href":"https:\/\/www.oparanews.com.br\/index.php\/wp-json\/wp\/v2\/categories?post=10149"},{"taxonomy":"post_tag","embeddable":true,"href":"https:\/\/www.oparanews.com.br\/index.php\/wp-json\/wp\/v2\/tags?post=10149"}],"curies":[{"name":"wp","href":"https:\/\/api.w.org\/{rel}","templated":true}]}}