{"id":10152,"date":"2020-10-19T18:55:52","date_gmt":"2020-10-19T18:55:52","guid":{"rendered":"https:\/\/oparanews.com.br\/?p=10152"},"modified":"2020-10-19T18:55:52","modified_gmt":"2020-10-19T18:55:52","slug":"policial-militar-preso-por-estupro-e-assassinato-e-expulso-da-corporacao","status":"publish","type":"post","link":"https:\/\/www.oparanews.com.br\/index.php\/2020\/10\/19\/policial-militar-preso-por-estupro-e-assassinato-e-expulso-da-corporacao\/","title":{"rendered":"Policial militar preso por estupro e assassinato \u00e9 expulso da corpora\u00e7\u00e3o"},"content":{"rendered":"<p>A Pol\u00edcia Militar do Estado de Alagoas (PM-AL) determinou a expuls\u00e3o do militar Josevildo Valentim dos Santos Junior da corpora\u00e7\u00e3o. Ele confessou ter estuprado e matado uma mulher e ter tentado matar o namorado dela a tiros em Macei\u00f3. A decis\u00e3o foi publicada no Boletim Geral Ostensivo de quinta-feira (15).<\/p>\n<p>O agora ex-militar foi preso em outubro de 2019. De acordo com a PM-AL, ele aguarda julgamento preso no pres\u00eddio militar do estado.<\/p>\n<p>Por meio de nota, a PM-AL informou que o ex-militar foi expulso &#8220;pela pr\u00e1tica de atos que afetam a honra pessoal, o pundonor Policial Militar, o decoro da classe e \u00e9tica Policial Militar&#8221; (confira a nota na \u00edntegra ao final do texto).<\/p>\n<p>A reportagem do G1 tentou contato com o advogado do acusado \u00e0s 14h57, mas n\u00e3o conseguiu reposta.<\/p>\n<p>Em novembro de 2019, o Minist\u00e9rio P\u00fablico de Alagoas (MP-AL) pediu a expuls\u00e3o e a condena\u00e7\u00e3o m\u00e1xima do ex-militar. Segundo o promotor, as penas somadas pelos crimes cometidos pelo acusado podem chegar a 60 anos.<\/p>\n<p>O G1 tamb\u00e9m entrou em contato com o Tribunal de Justi\u00e7a de Alagoas (TJ-AL) e foi informado que a audi\u00eancia de instru\u00e7\u00e3o de Valentim, quando o juiz vai ouvir as partes do caso antes de decidir se leva a j\u00fari ou n\u00e3o, deve acontecer no dia 4 de novembro.<\/p>\n<p>O crime aconteceu no dia 15 de outubro de 2019, no bairro Pontal da Barra. A v\u00edtima Aparecida Rodrigues Pereira, de 19 anos, foi abusada sexualmente e morta a tiros de arma de fogo. O namorado dela, de 24 anos, tamb\u00e9m foi atingido, mas sobreviveu e depois de alguns dias reconheceu o autor do crime.<\/p>\n<p>Segundo a pol\u00edcia, Josevildo Valentim confessou que o crime n\u00e3o foi premeditado e estava sob efeito de drogas. Ele tamb\u00e9m confessou que j\u00e1 estuprou uma jovem em Marechal Deodoro entre 2013 e 2014, per\u00edodo em que trabalhou na cidade. Outras quatro v\u00edtimas tamb\u00e9m reconheceram o ex-militar como autor dos crimes realizados contra elas.<\/p>\n<p>Al\u00e9m dos casos de Marechal, o ex-militar tamb\u00e9m est\u00e1 sendo investigado por casos de estupro em Macei\u00f3 e em Rio Largo.<\/p>\n<p>Leia abaixo a \u00edntegra da nota da Pol\u00edcia Militar<\/p>\n<p>A Pol\u00edcia Militar do Estado de Alagoas vem a p\u00fablico informar o licenciamento ex officio, no BGO n\u00ba 189 publicado no dia 15 de Outubro de 2020 a bem da disciplina e da moralidade da Administra\u00e7\u00e3o P\u00fablica, das fileiras da Pol\u00edcia Militar de Alagoas, do Sd PM Josevildo Valentim, lotado no 1\u00ba BPM, nos termos art. 8\u00ba, I, IV, XII, XIII, XVI e XIX do Decreto n\u00ba 37.042\/96 (Regulamento Disciplinar da PMAL), e no caput, do art. 33 e art. 34 c\/c o art. 39, incisos I, IV, XII, XIII, XVI e XIX, tudo da Lei Estadual n\u00ba 5.346\/92 (Estatuto dos Policiais Militares de Alagoas) pela pr\u00e1tica de atos que afetam a Honra Pessoal, o Pundonor Policial Militar, o Decoro da Classe e a \u00c9tica Policial Militar, uma vez que ficou comprovado, nos autos, que o indigitado policial militar infringiu norma penal, cometendo crimes grav\u00edssimos.<\/p>\n<p>A PMAL reitera o seu papel na sociedade, como uma institui\u00e7\u00e3o cumpridora dos seus deveres e responsabilidades constitucionais, e afirma que n\u00e3o tolera qualquer desvio de conduta por parte dos seus integrantes que venha prejudicar a sociedade alagoana.<\/p>\n<p>&nbsp;<\/p>\n<p><strong>Fonte: G1\/AL<\/strong><\/p>\n<p>&nbsp;<\/p>\n","protected":false},"excerpt":{"rendered":"<p>A Pol\u00edcia Militar do Estado de Alagoas (PM-AL) determinou a expuls\u00e3o do militar Josevildo Valentim dos Santos Junior da corpora\u00e7\u00e3o. Ele confessou ter estuprado e matado uma mulher e ter tentado matar o namorado dela a tiros em Macei\u00f3. A decis\u00e3o foi publicada no Boletim Geral Ostensivo de quinta-feira (15). O agora ex-militar foi preso &hellip;<\/p>\n","protected":false},"author":1,"featured_media":10153,"comment_status":"open","ping_status":"open","sticky":false,"template":"","format":"standard","meta":{"_jetpack_newsletter_access":"","_jetpack_dont_email_post_to_subs":false,"_jetpack_newsletter_tier_id":0,"_jetpack_memberships_contains_paywalled_content":false,"_jetpack_memberships_contains_paid_content":false,"footnotes":""},"categories":[1],"tags":[],"class_list":["post-10152","post","type-post","status-publish","format-standard","has-post-thumbnail","hentry","category-destaque"],"jetpack_sharing_enabled":true,"jetpack_featured_media_url":"","_links":{"self":[{"href":"https:\/\/www.oparanews.com.br\/index.php\/wp-json\/wp\/v2\/posts\/10152","targetHints":{"allow":["GET"]}}],"collection":[{"href":"https:\/\/www.oparanews.com.br\/index.php\/wp-json\/wp\/v2\/posts"}],"about":[{"href":"https:\/\/www.oparanews.com.br\/index.php\/wp-json\/wp\/v2\/types\/post"}],"author":[{"embeddable":true,"href":"https:\/\/www.oparanews.com.br\/index.php\/wp-json\/wp\/v2\/users\/1"}],"replies":[{"embeddable":true,"href":"https:\/\/www.oparanews.com.br\/index.php\/wp-json\/wp\/v2\/comments?post=10152"}],"version-history":[{"count":0,"href":"https:\/\/www.oparanews.com.br\/index.php\/wp-json\/wp\/v2\/posts\/10152\/revisions"}],"wp:attachment":[{"href":"https:\/\/www.oparanews.com.br\/index.php\/wp-json\/wp\/v2\/media?parent=10152"}],"wp:term":[{"taxonomy":"category","embeddable":true,"href":"https:\/\/www.oparanews.com.br\/index.php\/wp-json\/wp\/v2\/categories?post=10152"},{"taxonomy":"post_tag","embeddable":true,"href":"https:\/\/www.oparanews.com.br\/index.php\/wp-json\/wp\/v2\/tags?post=10152"}],"curies":[{"name":"wp","href":"https:\/\/api.w.org\/{rel}","templated":true}]}}