{"id":10155,"date":"2020-10-19T19:07:32","date_gmt":"2020-10-19T19:07:32","guid":{"rendered":"https:\/\/oparanews.com.br\/?p=10155"},"modified":"2020-10-19T19:07:32","modified_gmt":"2020-10-19T19:07:32","slug":"palmeiras-fica-perto-de-contratar-ramirez","status":"publish","type":"post","link":"https:\/\/www.oparanews.com.br\/index.php\/2020\/10\/19\/palmeiras-fica-perto-de-contratar-ramirez\/","title":{"rendered":"Palmeiras fica perto de contratar Ram\u00edrez"},"content":{"rendered":"<p>O Palmeiras est\u00e1 muito pr\u00f3ximo de sacramentar a chegada de Miguel \u00c1ngel Ram\u00edrez, t\u00e9cnico espanhol do Independiente Del Valle, do Equador.<\/p>\n<p>J\u00e1 h\u00e1 um acordo com o jovem treinador de 35 anos, e os enviados palmeirenses se re\u00fanem nesta tarde de segunda-feira com os dirigentes equatorianos para negociarem o pagamento da multa rescis\u00f3ria.<\/p>\n<p>Ram\u00edrez e Anderson Barros, diretor de futebol do Palmeiras, conversaram por telefone e por c\u00e2mera de v\u00eddeo na sexta e no s\u00e1bado. O treinador aceitou a oferta palmeirense neste domingo. O contrato deve ser de dois anos.<\/p>\n<p>A viagem, em avi\u00e3o da patrocinadora do Palmeiras em virtude da falta de voos para o Equador, serviu para que os brasileiros negociem a multa e mostrem boa rela\u00e7\u00e3o na retirada de Ramirez do clube equatoriano.<\/p>\n<p>O espanhol n\u00e3o participa dessa conversa e vai encontrar os dirigentes palmeirenses apenas depois da reuni\u00e3o com a diretoria do Del Valle. O interesse palmeirense em Ram\u00edrez foi formalizado ao clube equatoriano antes mesmo do encontro desta segunda-feira.<\/p>\n<p>Nas conversas dos \u00faltimos dias, Ram\u00edrez mostrou conhecimento sobre a equipe palmeirense e sobre o trabalho de base, principalmente em 2020, e deixou claro que quer aumentar esse interc\u00e2mbio com o profissional.<\/p>\n<p>Por\u00e9m, o espanhol tamb\u00e9m deve indicar refor\u00e7os do Del Valle, num segundo momento<\/p>\n<p>&nbsp;<\/p>\n<p><strong>Fonte: GE<\/strong><\/p>\n<p>&nbsp;<\/p>\n","protected":false},"excerpt":{"rendered":"<p>O Palmeiras est\u00e1 muito pr\u00f3ximo de sacramentar a chegada de Miguel \u00c1ngel Ram\u00edrez, t\u00e9cnico espanhol do Independiente Del Valle, do Equador. J\u00e1 h\u00e1 um acordo com o jovem treinador de 35 anos, e os enviados palmeirenses se re\u00fanem nesta tarde de segunda-feira com os dirigentes equatorianos para negociarem o pagamento da multa rescis\u00f3ria. Ram\u00edrez e &hellip;<\/p>\n","protected":false},"author":1,"featured_media":10156,"comment_status":"open","ping_status":"open","sticky":false,"template":"","format":"standard","meta":{"_jetpack_newsletter_access":"","_jetpack_dont_email_post_to_subs":false,"_jetpack_newsletter_tier_id":0,"_jetpack_memberships_contains_paywalled_content":false,"_jetpack_memberships_contains_paid_content":false,"footnotes":""},"categories":[1],"tags":[],"class_list":["post-10155","post","type-post","status-publish","format-standard","has-post-thumbnail","hentry","category-destaque"],"jetpack_sharing_enabled":true,"jetpack_featured_media_url":"","_links":{"self":[{"href":"https:\/\/www.oparanews.com.br\/index.php\/wp-json\/wp\/v2\/posts\/10155","targetHints":{"allow":["GET"]}}],"collection":[{"href":"https:\/\/www.oparanews.com.br\/index.php\/wp-json\/wp\/v2\/posts"}],"about":[{"href":"https:\/\/www.oparanews.com.br\/index.php\/wp-json\/wp\/v2\/types\/post"}],"author":[{"embeddable":true,"href":"https:\/\/www.oparanews.com.br\/index.php\/wp-json\/wp\/v2\/users\/1"}],"replies":[{"embeddable":true,"href":"https:\/\/www.oparanews.com.br\/index.php\/wp-json\/wp\/v2\/comments?post=10155"}],"version-history":[{"count":0,"href":"https:\/\/www.oparanews.com.br\/index.php\/wp-json\/wp\/v2\/posts\/10155\/revisions"}],"wp:attachment":[{"href":"https:\/\/www.oparanews.com.br\/index.php\/wp-json\/wp\/v2\/media?parent=10155"}],"wp:term":[{"taxonomy":"category","embeddable":true,"href":"https:\/\/www.oparanews.com.br\/index.php\/wp-json\/wp\/v2\/categories?post=10155"},{"taxonomy":"post_tag","embeddable":true,"href":"https:\/\/www.oparanews.com.br\/index.php\/wp-json\/wp\/v2\/tags?post=10155"}],"curies":[{"name":"wp","href":"https:\/\/api.w.org\/{rel}","templated":true}]}}