{"id":10163,"date":"2020-10-20T02:40:15","date_gmt":"2020-10-20T02:40:15","guid":{"rendered":"https:\/\/oparanews.com.br\/?p=10163"},"modified":"2020-10-20T02:40:15","modified_gmt":"2020-10-20T02:40:15","slug":"prefeitura-de-penedo-premia-pessoal-que-atua-no-combate-ao-coronavirus","status":"publish","type":"post","link":"https:\/\/www.oparanews.com.br\/index.php\/2020\/10\/20\/prefeitura-de-penedo-premia-pessoal-que-atua-no-combate-ao-coronavirus\/","title":{"rendered":"Prefeitura de Penedo premia pessoal que atua no combate ao coronav\u00edrus"},"content":{"rendered":"<p>Funcion\u00e1rios da Prefeitura de Penedo que atuam diretamente no combate \u00e0 Covid-19 receber\u00e3o gratifica\u00e7\u00e3o extraordin\u00e1ria. O reconhecimento da gest\u00e3o \u201cPenedo, Terra do Desenvolvimento e da Cultura\u201d atende ao pessoal exposto, em fun\u00e7\u00e3o do trabalho no servi\u00e7o p\u00fablico municipal, ao maior risco de contamina\u00e7\u00e3o pelo novo coronav\u00edrus.<\/p>\n<p>A premia\u00e7\u00e3o expressa na Lei Municipal n\u00ba 1.700\/2020 gratifica efetivos e contratados lotados nas Secretarias de Sa\u00fade e de Assist\u00eancia Social. O reconhecimento ao m\u00e9rito de cada trabalhador foi aprovado na C\u00e2mara de Vereadores e ser\u00e1 retroativo ao m\u00eas de junho, sendo o valor proporcional para cada categoria.<\/p>\n<p>A proporcionalidade segue o mesmo crit\u00e9rio que definiu as categorias que podem ser contempladas com a gratifica\u00e7\u00e3o: maior exposi\u00e7\u00e3o ao risco de contamina\u00e7\u00e3o por Covid.<\/p>\n<p>Sendo assim, trabalhadores do SAMU e da Unidade de Refer\u00eancia em S\u00edndromes Gripais ir\u00e3o receber, al\u00e9m do sal\u00e1rio, mais 40% do valor sobre seu vencimento b\u00e1sico.<\/p>\n<p>O mesmo percentual atende ainda auxiliar ou t\u00e9cnico em Enfermagem, enfermeiro, t\u00e9cnico em Radiologia e m\u00e9dico da UPA de Penedo.<\/p>\n<p>A Lei 1.700\/2020 estabelece ainda a gratifica\u00e7\u00e3o com percentual de 30% e de 20% sobre o vencimento b\u00e1sico para outras categorias, conforme consta na edi\u00e7\u00e3o n\u00ba 1538 do Di\u00e1rio Oficial do Munic\u00edpio, publicado na sexta-feira, 16.<\/p>\n<p>A gratifica\u00e7\u00e3o extraordin\u00e1ria est\u00e1 prevista para acontecer at\u00e9 o final do ano ou at\u00e9 que se decrete o fim do estado de emerg\u00eancia sanit\u00e1ria, pelo Minist\u00e9rio da Sa\u00fade.<\/p>\n<p>&nbsp;<\/p>\n<p><strong>Por Fernando Vin\u00edcius<\/strong><\/p>\n<p>&nbsp;<\/p>\n","protected":false},"excerpt":{"rendered":"<p>Funcion\u00e1rios da Prefeitura de Penedo que atuam diretamente no combate \u00e0 Covid-19 receber\u00e3o gratifica\u00e7\u00e3o extraordin\u00e1ria. O reconhecimento da gest\u00e3o \u201cPenedo, Terra do Desenvolvimento e da Cultura\u201d atende ao pessoal exposto, em fun\u00e7\u00e3o do trabalho no servi\u00e7o p\u00fablico municipal, ao maior risco de contamina\u00e7\u00e3o pelo novo coronav\u00edrus. A premia\u00e7\u00e3o expressa na Lei Municipal n\u00ba 1.700\/2020 gratifica &hellip;<\/p>\n","protected":false},"author":1,"featured_media":10164,"comment_status":"open","ping_status":"open","sticky":false,"template":"","format":"standard","meta":{"_jetpack_newsletter_access":"","_jetpack_dont_email_post_to_subs":false,"_jetpack_newsletter_tier_id":0,"_jetpack_memberships_contains_paywalled_content":false,"_jetpack_memberships_contains_paid_content":false,"footnotes":""},"categories":[1],"tags":[],"class_list":["post-10163","post","type-post","status-publish","format-standard","has-post-thumbnail","hentry","category-destaque"],"jetpack_sharing_enabled":true,"jetpack_featured_media_url":"","_links":{"self":[{"href":"https:\/\/www.oparanews.com.br\/index.php\/wp-json\/wp\/v2\/posts\/10163","targetHints":{"allow":["GET"]}}],"collection":[{"href":"https:\/\/www.oparanews.com.br\/index.php\/wp-json\/wp\/v2\/posts"}],"about":[{"href":"https:\/\/www.oparanews.com.br\/index.php\/wp-json\/wp\/v2\/types\/post"}],"author":[{"embeddable":true,"href":"https:\/\/www.oparanews.com.br\/index.php\/wp-json\/wp\/v2\/users\/1"}],"replies":[{"embeddable":true,"href":"https:\/\/www.oparanews.com.br\/index.php\/wp-json\/wp\/v2\/comments?post=10163"}],"version-history":[{"count":0,"href":"https:\/\/www.oparanews.com.br\/index.php\/wp-json\/wp\/v2\/posts\/10163\/revisions"}],"wp:attachment":[{"href":"https:\/\/www.oparanews.com.br\/index.php\/wp-json\/wp\/v2\/media?parent=10163"}],"wp:term":[{"taxonomy":"category","embeddable":true,"href":"https:\/\/www.oparanews.com.br\/index.php\/wp-json\/wp\/v2\/categories?post=10163"},{"taxonomy":"post_tag","embeddable":true,"href":"https:\/\/www.oparanews.com.br\/index.php\/wp-json\/wp\/v2\/tags?post=10163"}],"curies":[{"name":"wp","href":"https:\/\/api.w.org\/{rel}","templated":true}]}}