{"id":10166,"date":"2020-10-20T02:52:00","date_gmt":"2020-10-20T02:52:00","guid":{"rendered":"https:\/\/oparanews.com.br\/?p=10166"},"modified":"2020-10-20T02:52:00","modified_gmt":"2020-10-20T02:52:00","slug":"brasil-tem-2a-feira-com-menos-mortes-por-covid-em-6-meses","status":"publish","type":"post","link":"https:\/\/www.oparanews.com.br\/index.php\/2020\/10\/20\/brasil-tem-2a-feira-com-menos-mortes-por-covid-em-6-meses\/","title":{"rendered":"Brasil tem 2\u00aa feira com menos mortes por covid em 6 meses"},"content":{"rendered":"<p>O Brasil registrou nesta segunda-feira 271 novos \u00f3bitos em decorr\u00eancia da covid-19, o que eleva o total de mortes pela doen\u00e7a no pa\u00eds a 154.176, de acordo com dados do Minist\u00e9rio da Sa\u00fade. O n\u00famero registrado nas \u00faltimas 24 horas representa o menor do Pa\u00eds desde o dia 20 de abril, quando 116 mortes foram notificadas. Vale lembrar que na segunda-feira passada o n\u00famero foi menor (201 mortes), mas se trata de um dia at\u00edpico por conta da contagem inferior realizada nos feriados.<\/p>\n<p>Tamb\u00e9m foram notificados 15.383 novos casos da doen\u00e7a provocada pelo coronav\u00edrus, com o total de infec\u00e7\u00f5es confirmadas no pa\u00eds atingindo 5.250.727. As contagens di\u00e1rias tendem a ser mais baixas aos domingos e segundas, em fun\u00e7\u00e3o de um represamento de testes nos finais de semana.<\/p>\n<p>No \u00faltimo s\u00e1bado, o Pa\u00eds encerrou a 42\u00aa semana epidemiol\u00f3gica do ano, a quarta consecutiva em que registrou queda nos n\u00fameros de casos e \u00f3bitos, ainda conforme o minist\u00e9rio.<\/p>\n<p>O Brasil \u00e9 o segundo pa\u00eds com maior n\u00famero de mortes por coronav\u00edrus no mundo, atr\u00e1s apenas dos Estados Unidos, e o terceiro em casos, abaixo dos EUA e da \u00cdndia.<\/p>\n<p>Dados da imprensa mostram m\u00e9dia m\u00f3vel de 502 mortes ao dia<\/p>\n<p>A m\u00e9dia m\u00f3vel di\u00e1ria de \u00f3bitos por covid-19, que registra as oscila\u00e7\u00f5es dos \u00faltimos sete dias e elimina distor\u00e7\u00f5es entre um n\u00famero alto de meio de semana e baixo de fim de semana, ficou em 502 nesta segunda-feira, 19. O estado de Roraima n\u00e3o enviou atualiza\u00e7\u00e3o dos dados.<\/p>\n<p>Nas \u00faltimas 24 horas, o Brasil teve 18.586 novos casos e 341 novos \u00f3bitos. Ao todo s\u00e3o 5.251.127 pessoas contaminadas e 154.226 mortos por coronav\u00edrus, segundo dados do cons\u00f3rcio dos ve\u00edculos de imprensa, formado por Estad\u00e3o, G1, O Globo, Extra, Folha e UOL, e feito em conjunto com as secretarias estaduais de Sa\u00fade. O balan\u00e7o do Minist\u00e9rio da Sa\u00fade mostra que h\u00e1 4.681.659 brasileiros recuperados da doen\u00e7a e outros 414.892 que seguem em acompanhamento.<\/p>\n<p>&nbsp;<\/p>\n<p><strong>Com informa\u00e7\u00f5es da Reuters e do Estad\u00e3o Conte\u00fado<\/strong><\/p>\n<p>&nbsp;<\/p>\n","protected":false},"excerpt":{"rendered":"<p>O Brasil registrou nesta segunda-feira 271 novos \u00f3bitos em decorr\u00eancia da covid-19, o que eleva o total de mortes pela doen\u00e7a no pa\u00eds a 154.176, de acordo com dados do Minist\u00e9rio da Sa\u00fade. O n\u00famero registrado nas \u00faltimas 24 horas representa o menor do Pa\u00eds desde o dia 20 de abril, quando 116 mortes foram &hellip;<\/p>\n","protected":false},"author":1,"featured_media":10167,"comment_status":"open","ping_status":"open","sticky":false,"template":"","format":"standard","meta":{"_jetpack_newsletter_access":"","_jetpack_dont_email_post_to_subs":false,"_jetpack_newsletter_tier_id":0,"_jetpack_memberships_contains_paywalled_content":false,"_jetpack_memberships_contains_paid_content":false,"footnotes":""},"categories":[1],"tags":[],"class_list":["post-10166","post","type-post","status-publish","format-standard","has-post-thumbnail","hentry","category-destaque"],"jetpack_sharing_enabled":true,"jetpack_featured_media_url":"","_links":{"self":[{"href":"https:\/\/www.oparanews.com.br\/index.php\/wp-json\/wp\/v2\/posts\/10166","targetHints":{"allow":["GET"]}}],"collection":[{"href":"https:\/\/www.oparanews.com.br\/index.php\/wp-json\/wp\/v2\/posts"}],"about":[{"href":"https:\/\/www.oparanews.com.br\/index.php\/wp-json\/wp\/v2\/types\/post"}],"author":[{"embeddable":true,"href":"https:\/\/www.oparanews.com.br\/index.php\/wp-json\/wp\/v2\/users\/1"}],"replies":[{"embeddable":true,"href":"https:\/\/www.oparanews.com.br\/index.php\/wp-json\/wp\/v2\/comments?post=10166"}],"version-history":[{"count":0,"href":"https:\/\/www.oparanews.com.br\/index.php\/wp-json\/wp\/v2\/posts\/10166\/revisions"}],"wp:attachment":[{"href":"https:\/\/www.oparanews.com.br\/index.php\/wp-json\/wp\/v2\/media?parent=10166"}],"wp:term":[{"taxonomy":"category","embeddable":true,"href":"https:\/\/www.oparanews.com.br\/index.php\/wp-json\/wp\/v2\/categories?post=10166"},{"taxonomy":"post_tag","embeddable":true,"href":"https:\/\/www.oparanews.com.br\/index.php\/wp-json\/wp\/v2\/tags?post=10166"}],"curies":[{"name":"wp","href":"https:\/\/api.w.org\/{rel}","templated":true}]}}