{"id":10172,"date":"2020-10-20T03:32:38","date_gmt":"2020-10-20T03:32:38","guid":{"rendered":"https:\/\/oparanews.com.br\/?p=10172"},"modified":"2020-10-20T03:32:38","modified_gmt":"2020-10-20T03:32:38","slug":"meu-trabalho-sera-pautado-no-dialogo-e-na-transparencia-diz-walder-lima","status":"publish","type":"post","link":"https:\/\/www.oparanews.com.br\/index.php\/2020\/10\/20\/meu-trabalho-sera-pautado-no-dialogo-e-na-transparencia-diz-walder-lima\/","title":{"rendered":"&#8220;Meu trabalho ser\u00e1 pautado no di\u00e1logo e na transpar\u00eancia&#8221;, diz Walder Lima"},"content":{"rendered":"<p>&nbsp;<\/p>\n<p>O candidato a vereador por Penedo, Walder Lima, concedeu uma entrevista na noite desta segunda-feira, 19, no canal do You Tube &#8220;Realidade na TV&#8221;, onde explanou suas propostas e ideias para todos os telespectadores.<\/p>\n<p><a href=\"https:\/\/oparanews.com.br\/wp-content\/uploads\/2020\/10\/SAM_1311.jpg\"><img loading=\"lazy\" decoding=\"async\" class=\"alignleft size-medium wp-image-10174\" src=\"https:\/\/oparanews.com.br\/wp-content\/uploads\/2020\/10\/SAM_1311-300x180.jpg\" alt=\"\" width=\"300\" height=\"180\" \/><\/a>Durante a entrevista, Walder Lima se mostrou sereno e confiante no trabalho que vem desenvolvido, juntamente com seu grupo, pelas ruas de Penedo nessa campanha eleitoral. Indagado por Rafael Medeiros, \u00e2ncora do programa, se seria realmente uma renova\u00e7\u00e3o na C\u00e2mara de Vereadores, Walder Lima foi enf\u00e1tico e disse: &#8220;\u00c9 claro que sou a renova\u00e7\u00e3o que Penedo precisa, s\u00f3 basta ver os vereadores de mandato que est\u00e3o ai, todos est\u00e3o desgastados, n\u00e3o contribuem em nada para o bem da popula\u00e7\u00e3o, eu sou sim a renova\u00e7\u00e3o&#8221;.<\/p>\n<p>Walder Lima afirmou ainda que al\u00e9m da sa\u00fade, educa\u00e7\u00e3o e gera\u00e7\u00e3o de emprego, seu mandato ser\u00e1 pautado tamb\u00e9m no esporte. &#8220;Vamos incentivar a pr\u00e1tica esportiva nas escolas municipais e criar um calend\u00e1rio permanente em Penedo&#8221;, disse Walder Lima.<\/p>\n<p>Sobre o Sport Club Penedense, Walder Lima disse que ir\u00e1 trabalhar para colocar em pr\u00e1tica o comodato que o clube tem com a Prefeitura Municipal. Ele ainda afirmou que ir\u00e1 apoiar a diretoria para conseguir recursos, seja ele p\u00fablico ou privado, o ribeirinho do &#8220;Cajueiro Grande&#8221; possa participar anualmente das atividades esportivas promovidas pela Federa\u00e7\u00e3o Alagoana de Futebol.<\/p>\n<p>Por fim, Walder Lima agradeceu a todos que fazem parte do programa &#8220;Realidade na TV&#8221; e reafirmou junto aos telespectadores que se eleito for o povo ter\u00e1 vez e voz em seu mandato.<\/p>\n<p>https:\/\/www.youtube.com\/watch?v=7ALuoY-49dA&#038;feature=youtu.be<\/p>\n<p><strong>por Reda\u00e7\u00e3o<\/strong><\/p>\n<p><a href=\"https:\/\/oparanews.com.br\/wp-content\/uploads\/2020\/10\/SAM_1312.jpg\"><img loading=\"lazy\" decoding=\"async\" class=\"alignleft size-medium wp-image-10175\" src=\"https:\/\/oparanews.com.br\/wp-content\/uploads\/2020\/10\/SAM_1312-300x215.jpg\" alt=\"\" width=\"300\" height=\"215\" \/><\/a><\/p>\n<p>&nbsp;<\/p>\n<p>&nbsp;<\/p>\n<p>&nbsp;<\/p>\n<p>&nbsp;<\/p>\n<p>&nbsp;<\/p>\n","protected":false},"excerpt":{"rendered":"<p>&nbsp; O candidato a vereador por Penedo, Walder Lima, concedeu uma entrevista na noite desta segunda-feira, 19, no canal do You Tube &#8220;Realidade na TV&#8221;, onde explanou suas propostas e ideias para todos os telespectadores. Durante a entrevista, Walder Lima se mostrou sereno e confiante no trabalho que vem desenvolvido, juntamente com seu grupo, pelas &hellip;<\/p>\n","protected":false},"author":1,"featured_media":10173,"comment_status":"open","ping_status":"open","sticky":false,"template":"","format":"standard","meta":{"_jetpack_newsletter_access":"","_jetpack_dont_email_post_to_subs":false,"_jetpack_newsletter_tier_id":0,"_jetpack_memberships_contains_paywalled_content":false,"_jetpack_memberships_contains_paid_content":false,"footnotes":""},"categories":[1],"tags":[],"class_list":["post-10172","post","type-post","status-publish","format-standard","has-post-thumbnail","hentry","category-destaque"],"jetpack_sharing_enabled":true,"jetpack_featured_media_url":"","_links":{"self":[{"href":"https:\/\/www.oparanews.com.br\/index.php\/wp-json\/wp\/v2\/posts\/10172","targetHints":{"allow":["GET"]}}],"collection":[{"href":"https:\/\/www.oparanews.com.br\/index.php\/wp-json\/wp\/v2\/posts"}],"about":[{"href":"https:\/\/www.oparanews.com.br\/index.php\/wp-json\/wp\/v2\/types\/post"}],"author":[{"embeddable":true,"href":"https:\/\/www.oparanews.com.br\/index.php\/wp-json\/wp\/v2\/users\/1"}],"replies":[{"embeddable":true,"href":"https:\/\/www.oparanews.com.br\/index.php\/wp-json\/wp\/v2\/comments?post=10172"}],"version-history":[{"count":0,"href":"https:\/\/www.oparanews.com.br\/index.php\/wp-json\/wp\/v2\/posts\/10172\/revisions"}],"wp:attachment":[{"href":"https:\/\/www.oparanews.com.br\/index.php\/wp-json\/wp\/v2\/media?parent=10172"}],"wp:term":[{"taxonomy":"category","embeddable":true,"href":"https:\/\/www.oparanews.com.br\/index.php\/wp-json\/wp\/v2\/categories?post=10172"},{"taxonomy":"post_tag","embeddable":true,"href":"https:\/\/www.oparanews.com.br\/index.php\/wp-json\/wp\/v2\/tags?post=10172"}],"curies":[{"name":"wp","href":"https:\/\/api.w.org\/{rel}","templated":true}]}}