{"id":10204,"date":"2020-10-21T15:09:20","date_gmt":"2020-10-21T15:09:20","guid":{"rendered":"https:\/\/oparanews.com.br\/?p=10204"},"modified":"2020-10-21T15:09:20","modified_gmt":"2020-10-21T15:09:20","slug":"luciano-huck-surpreende-tata-werneck-e-diz-que-ja-levou-chifre","status":"publish","type":"post","link":"https:\/\/www.oparanews.com.br\/index.php\/2020\/10\/21\/luciano-huck-surpreende-tata-werneck-e-diz-que-ja-levou-chifre\/","title":{"rendered":"Luciano Huck surpreende Tat\u00e1 Werneck e diz que j\u00e1 levou chifre"},"content":{"rendered":"<p>Luciano Huck foi um dos convidados confirmados na nova temporada do Lady Night e fez uma revela\u00e7\u00e3o inusitada para Tat\u00e1 Werneck. O apresentador foi um dos primeiros escolhidos para as grava\u00e7\u00f5es do talk show do Multishow.<\/p>\n<p>O poss\u00edvel candidato \u00e0 Presid\u00eancia da Rep\u00fablica em 2022 confessou que j\u00e1 foi tra\u00eddo, mas falou sobre o assunto de uma maneira super divertida. \u201cJ\u00e1 tomei toco, j\u00e1 tomei chifre, j\u00e1 arrastei corrente\u201d, admitiu. As informa\u00e7\u00f5es s\u00e3o da jornalista Patricia Kogut, do jornal O Globo.<\/p>\n<p>Outro nome forte da TV que gravou para o programa foi Xuxa Meneghel. Em seu retorno aos est\u00fadios da Globo ap\u00f3s 6 anos, a eterna rainha dos baixinhos foi tietada por Werneck e pelos integrantes da banda, que cantou os maiores sucessos da loira com o p\u00fablico infantil.<\/p>\n<p>Ainda de acordo com a reportagem, de olho no protocolo de seguran\u00e7a, os trabalhos aconteceram com distanciamento social e com uma plateia virtual. V\u00e1rios televisores foram espalhados no espa\u00e7o reservado para os an\u00f4nimos, que participaram cada um na sua casa.<\/p>\n<p>Com estreia marcada para 3 de novembro, Tat\u00e1 Werneck j\u00e1 gravou com outros famosos, desde a apresentadora Ana Furtado, o ator F\u00e1bio Assun\u00e7\u00e3o at\u00e9 o influenciador digital Carlinhos Maia.<\/p>\n<p>&nbsp;<\/p>\n<p><strong>Fonte: RD1<\/strong><\/p>\n<p>&nbsp;<\/p>\n","protected":false},"excerpt":{"rendered":"<p>Luciano Huck foi um dos convidados confirmados na nova temporada do Lady Night e fez uma revela\u00e7\u00e3o inusitada para Tat\u00e1 Werneck. O apresentador foi um dos primeiros escolhidos para as grava\u00e7\u00f5es do talk show do Multishow. O poss\u00edvel candidato \u00e0 Presid\u00eancia da Rep\u00fablica em 2022 confessou que j\u00e1 foi tra\u00eddo, mas falou sobre o assunto &hellip;<\/p>\n","protected":false},"author":1,"featured_media":10205,"comment_status":"open","ping_status":"open","sticky":false,"template":"","format":"standard","meta":{"_jetpack_newsletter_access":"","_jetpack_dont_email_post_to_subs":false,"_jetpack_newsletter_tier_id":0,"_jetpack_memberships_contains_paywalled_content":false,"_jetpack_memberships_contains_paid_content":false,"footnotes":""},"categories":[1],"tags":[],"class_list":["post-10204","post","type-post","status-publish","format-standard","has-post-thumbnail","hentry","category-destaque"],"jetpack_sharing_enabled":true,"jetpack_featured_media_url":"","_links":{"self":[{"href":"https:\/\/www.oparanews.com.br\/index.php\/wp-json\/wp\/v2\/posts\/10204","targetHints":{"allow":["GET"]}}],"collection":[{"href":"https:\/\/www.oparanews.com.br\/index.php\/wp-json\/wp\/v2\/posts"}],"about":[{"href":"https:\/\/www.oparanews.com.br\/index.php\/wp-json\/wp\/v2\/types\/post"}],"author":[{"embeddable":true,"href":"https:\/\/www.oparanews.com.br\/index.php\/wp-json\/wp\/v2\/users\/1"}],"replies":[{"embeddable":true,"href":"https:\/\/www.oparanews.com.br\/index.php\/wp-json\/wp\/v2\/comments?post=10204"}],"version-history":[{"count":0,"href":"https:\/\/www.oparanews.com.br\/index.php\/wp-json\/wp\/v2\/posts\/10204\/revisions"}],"wp:attachment":[{"href":"https:\/\/www.oparanews.com.br\/index.php\/wp-json\/wp\/v2\/media?parent=10204"}],"wp:term":[{"taxonomy":"category","embeddable":true,"href":"https:\/\/www.oparanews.com.br\/index.php\/wp-json\/wp\/v2\/categories?post=10204"},{"taxonomy":"post_tag","embeddable":true,"href":"https:\/\/www.oparanews.com.br\/index.php\/wp-json\/wp\/v2\/tags?post=10204"}],"curies":[{"name":"wp","href":"https:\/\/api.w.org\/{rel}","templated":true}]}}