{"id":10210,"date":"2020-10-21T15:27:04","date_gmt":"2020-10-21T15:27:04","guid":{"rendered":"https:\/\/oparanews.com.br\/?p=10210"},"modified":"2020-10-21T15:27:04","modified_gmt":"2020-10-21T15:27:04","slug":"globo-tenta-alterar-horario-das-transmissoes-de-futebol-em-2021","status":"publish","type":"post","link":"https:\/\/www.oparanews.com.br\/index.php\/2020\/10\/21\/globo-tenta-alterar-horario-das-transmissoes-de-futebol-em-2021\/","title":{"rendered":"Globo tenta alterar hor\u00e1rio das transmiss\u00f5es de futebol em 2021"},"content":{"rendered":"<p>A Globo iniciou junto \u00e0 CBF um processo para tentar implantar novos hor\u00e1rios para a realiza\u00e7\u00e3o das partidas de futebol a partir do ano que vem.<\/p>\n<p>De acordo com o jornalista Fl\u00e1vio Ricco, do R7, a montagem da grade da emissora pode tamb\u00e9m passar por essa mudan\u00e7a para 2021. No entanto, ainda n\u00e3o h\u00e1 uma decis\u00e3o e o martelo ainda n\u00e3o foi batido entre as partes envolvidas.<\/p>\n<p>Caso essas mudan\u00e7as, de fato, ocorram, as altera\u00e7\u00f5es devem significar o fim de uma tradi\u00e7\u00e3o na programa\u00e7\u00e3o, que por muitos anos reserva os jogos do Campeonato Brasileiro para as noites de quarta-feira, por volta de 21h30, e as tardes de domingo, \u00e0s 16h.<\/p>\n<p>A emissora e a entidade esportiva sempre receberam muitas cr\u00edticas, a respeito das faixas em que as disputas ocorrem, sobretudo nos eventos realizados no meio da semana.<\/p>\n<p>A Globo \u00e9 dona dos direitos de transmiss\u00e3o na TV aberta dos jogos do Brasileir\u00e3o, assim como Campeonato Paulista, Mineiro e Ga\u00facho, entre outros, al\u00e9m da Copa do Brasil.<\/p>\n<p>O contrato para a exibi\u00e7\u00e3o dos torneios est\u00e1 assegurado pelo canal dos Marinho at\u00e9 2024. Cabe ressaltar que, neste ano, a Globo perdeu os direitos da Copa Libertadores e desde agosto o torneio \u00e9 do SBT.<\/p>\n<p>&nbsp;<\/p>\n<p><strong>Fonte: RD1<\/strong><\/p>\n<p>&nbsp;<\/p>\n","protected":false},"excerpt":{"rendered":"<p>A Globo iniciou junto \u00e0 CBF um processo para tentar implantar novos hor\u00e1rios para a realiza\u00e7\u00e3o das partidas de futebol a partir do ano que vem. De acordo com o jornalista Fl\u00e1vio Ricco, do R7, a montagem da grade da emissora pode tamb\u00e9m passar por essa mudan\u00e7a para 2021. No entanto, ainda n\u00e3o h\u00e1 uma &hellip;<\/p>\n","protected":false},"author":1,"featured_media":10211,"comment_status":"open","ping_status":"open","sticky":false,"template":"","format":"standard","meta":{"_jetpack_newsletter_access":"","_jetpack_dont_email_post_to_subs":false,"_jetpack_newsletter_tier_id":0,"_jetpack_memberships_contains_paywalled_content":false,"_jetpack_memberships_contains_paid_content":false,"footnotes":""},"categories":[1],"tags":[],"class_list":["post-10210","post","type-post","status-publish","format-standard","has-post-thumbnail","hentry","category-destaque"],"jetpack_sharing_enabled":true,"jetpack_featured_media_url":"","_links":{"self":[{"href":"https:\/\/www.oparanews.com.br\/index.php\/wp-json\/wp\/v2\/posts\/10210","targetHints":{"allow":["GET"]}}],"collection":[{"href":"https:\/\/www.oparanews.com.br\/index.php\/wp-json\/wp\/v2\/posts"}],"about":[{"href":"https:\/\/www.oparanews.com.br\/index.php\/wp-json\/wp\/v2\/types\/post"}],"author":[{"embeddable":true,"href":"https:\/\/www.oparanews.com.br\/index.php\/wp-json\/wp\/v2\/users\/1"}],"replies":[{"embeddable":true,"href":"https:\/\/www.oparanews.com.br\/index.php\/wp-json\/wp\/v2\/comments?post=10210"}],"version-history":[{"count":0,"href":"https:\/\/www.oparanews.com.br\/index.php\/wp-json\/wp\/v2\/posts\/10210\/revisions"}],"wp:attachment":[{"href":"https:\/\/www.oparanews.com.br\/index.php\/wp-json\/wp\/v2\/media?parent=10210"}],"wp:term":[{"taxonomy":"category","embeddable":true,"href":"https:\/\/www.oparanews.com.br\/index.php\/wp-json\/wp\/v2\/categories?post=10210"},{"taxonomy":"post_tag","embeddable":true,"href":"https:\/\/www.oparanews.com.br\/index.php\/wp-json\/wp\/v2\/tags?post=10210"}],"curies":[{"name":"wp","href":"https:\/\/api.w.org\/{rel}","templated":true}]}}