{"id":10213,"date":"2020-10-21T15:31:15","date_gmt":"2020-10-21T15:31:15","guid":{"rendered":"https:\/\/oparanews.com.br\/?p=10213"},"modified":"2020-10-21T15:31:15","modified_gmt":"2020-10-21T15:31:15","slug":"cnn-brasil-quer-tirar-sandra-annenberg-da-globo","status":"publish","type":"post","link":"https:\/\/www.oparanews.com.br\/index.php\/2020\/10\/21\/cnn-brasil-quer-tirar-sandra-annenberg-da-globo\/","title":{"rendered":"CNN Brasil quer tirar Sandra Annenberg da Globo"},"content":{"rendered":"<p>Ap\u00f3s a contrata\u00e7\u00e3o de M\u00e1rcio Gomes pela CNN Brasil, anunciada na \u00faltima segunda-feira (19), a Globo pode ser pega de surpresa novamente com a sa\u00edda de outro medalh\u00e3o: Sandra Annenberg.<\/p>\n<p>De acordo com a coluna do Fefito, do UOL, o plano seria oferecer um programa di\u00e1rio na parte da manh\u00e3 e uma revista eletr\u00f4nica nos finais de semana para a apresentadora do Globo Rep\u00f3rter.<\/p>\n<p>A ideia da dire\u00e7\u00e3o, inclusive, \u00e9 que para este programa semanal, ela voltasse a fazer parceria com Evaristo Costa, o seu antigo colega de banca do Jornal Hoje. Conversas com o \u00e2ncora, no entanto, n\u00e3o foram iniciadas neste sentido.<\/p>\n<p>Caso tope o novo desafio, Evaristo teria que refazer um novo acordo com a emissora a cabo. Morador de Londres, o contrato do apresentador prev\u00ea apenas o seu v\u00ednculo para a CNN Series Originais.<\/p>\n<p>Cabe ressaltar que desde a sua sa\u00edda do JH, no ano passado, quando foi substitu\u00edda por Maju Coutinho e transferida para o Globo Rep\u00f3rter, n\u00e3o s\u00e3o poucas as informa\u00e7\u00f5es que Sandra estaria insatisfeita com a emissora dos Marinho.<\/p>\n<p>Assim como M\u00e1rcio, Sandra \u00e9 funcion\u00e1ria antiga da emissora: est\u00e1 na casa desde 1991, e na sua caminhada pelo jornalista o maior destaque esteve para os 16 anos que esteve a frente do JH.<\/p>\n<p>&nbsp;<\/p>\n<p><strong>Fonte: RD1<\/strong><\/p>\n<p>&nbsp;<\/p>\n","protected":false},"excerpt":{"rendered":"<p>Ap\u00f3s a contrata\u00e7\u00e3o de M\u00e1rcio Gomes pela CNN Brasil, anunciada na \u00faltima segunda-feira (19), a Globo pode ser pega de surpresa novamente com a sa\u00edda de outro medalh\u00e3o: Sandra Annenberg. De acordo com a coluna do Fefito, do UOL, o plano seria oferecer um programa di\u00e1rio na parte da manh\u00e3 e uma revista eletr\u00f4nica nos &hellip;<\/p>\n","protected":false},"author":1,"featured_media":10214,"comment_status":"open","ping_status":"open","sticky":false,"template":"","format":"standard","meta":{"_jetpack_newsletter_access":"","_jetpack_dont_email_post_to_subs":false,"_jetpack_newsletter_tier_id":0,"_jetpack_memberships_contains_paywalled_content":false,"_jetpack_memberships_contains_paid_content":false,"footnotes":""},"categories":[1],"tags":[],"class_list":["post-10213","post","type-post","status-publish","format-standard","has-post-thumbnail","hentry","category-destaque"],"jetpack_sharing_enabled":true,"jetpack_featured_media_url":"","_links":{"self":[{"href":"https:\/\/www.oparanews.com.br\/index.php\/wp-json\/wp\/v2\/posts\/10213","targetHints":{"allow":["GET"]}}],"collection":[{"href":"https:\/\/www.oparanews.com.br\/index.php\/wp-json\/wp\/v2\/posts"}],"about":[{"href":"https:\/\/www.oparanews.com.br\/index.php\/wp-json\/wp\/v2\/types\/post"}],"author":[{"embeddable":true,"href":"https:\/\/www.oparanews.com.br\/index.php\/wp-json\/wp\/v2\/users\/1"}],"replies":[{"embeddable":true,"href":"https:\/\/www.oparanews.com.br\/index.php\/wp-json\/wp\/v2\/comments?post=10213"}],"version-history":[{"count":0,"href":"https:\/\/www.oparanews.com.br\/index.php\/wp-json\/wp\/v2\/posts\/10213\/revisions"}],"wp:attachment":[{"href":"https:\/\/www.oparanews.com.br\/index.php\/wp-json\/wp\/v2\/media?parent=10213"}],"wp:term":[{"taxonomy":"category","embeddable":true,"href":"https:\/\/www.oparanews.com.br\/index.php\/wp-json\/wp\/v2\/categories?post=10213"},{"taxonomy":"post_tag","embeddable":true,"href":"https:\/\/www.oparanews.com.br\/index.php\/wp-json\/wp\/v2\/tags?post=10213"}],"curies":[{"name":"wp","href":"https:\/\/api.w.org\/{rel}","templated":true}]}}