{"id":10216,"date":"2020-10-21T19:06:45","date_gmt":"2020-10-21T19:06:45","guid":{"rendered":"https:\/\/oparanews.com.br\/?p=10216"},"modified":"2020-10-21T19:06:45","modified_gmt":"2020-10-21T19:06:45","slug":"aulas-presenciais-para-adultos-sao-autorizadas-a-partir-da-proxima-segunda-feira","status":"publish","type":"post","link":"https:\/\/www.oparanews.com.br\/index.php\/2020\/10\/21\/aulas-presenciais-para-adultos-sao-autorizadas-a-partir-da-proxima-segunda-feira\/","title":{"rendered":"Aulas presenciais para adultos s\u00e3o autorizadas a partir da pr\u00f3xima segunda-feira"},"content":{"rendered":"<p>O governador Renan Filho (MDB) informou que a retomada gradativa das aulas presenciais, come\u00e7ando pela educa\u00e7\u00e3o de adultos, j\u00e1 tem data para acontecer: a pr\u00f3xima segunda-feira (26). Os detalhes devem ser publicados na edi\u00e7\u00e3o de quinta (22) do Di\u00e1rio Oficial do Estado.<\/p>\n<p>As atividades presenciais na educa\u00e7\u00e3o est\u00e3o suspensas desde mar\u00e7o, como medida de preven\u00e7\u00e3o ao cont\u00e1gio pelo novo coronav\u00edrus. O an\u00fancio do in\u00edcio desta retomada foi feito nesta quarta (21) em uma entrevista coletiva online.<\/p>\n<p>N\u00e3o h\u00e1 data, por\u00e9m, para o retorno das aulas presenciais de crian\u00e7as e adolescentes. O Estado ainda quer fazer uma nova avalia\u00e7\u00e3o dos \u00edndices da pandemia depois da retomada da educa\u00e7\u00e3o para adultos.<\/p>\n<p>Ser\u00e3o contemplados nesta fase os seguintes segmentos:<\/p>\n<p><strong>Universidades e faculdades<\/strong><br \/>\n<strong>Cursos profissionalizantes<\/strong><br \/>\n<strong>Cursos preparat\u00f3rios para concursos<\/strong><br \/>\n<strong>Cursos de l\u00ednguas<\/strong><br \/>\n<strong>Cursos pr\u00e9-vestibulares<\/strong><\/p>\n<p>Al\u00e9m das aulas presenciais para adultos, o novo decreto tamb\u00e9m vai autorizar a pr\u00e1tica de atividades esportivas em pequenos grupos e as visitas aos presos no sistema prisional.<\/p>\n<p>A decis\u00e3o foi tomada com base na avalia\u00e7\u00e3o da mais recente semana epidemiol\u00f3gica, seguindo crit\u00e9rios determinados na Matriz de Risco criada pelo governo do estado para nortear as etapas do Distanciamento Social Controlado.<\/p>\n<p>&#8220;N\u00f3s estamos h\u00e1 8 semanas com m\u00e9dia abaixo de 25 \u00f3bitos por semana, sempre oscilando nessa casa, houve queda significativa e n\u00e3o h\u00e1 aumento da ocupa\u00e7\u00e3o de leitos. Isso quer dizer que h\u00e1 uma relativa estabilidade. Estamos na fase de risco moderado e caminhando para outra fase, que denotara uma estabiliza\u00e7\u00e3o muito maior&#8221;, disse o governador Renan Filho.<\/p>\n<p>Acompanhado do secret\u00e1rio da Sa\u00fade, Alexandre Ayres, o governador ressaltou que, mesmo com as novas flexibiliza\u00e7\u00f5es, o estado permanece na fase azul. &#8220;Hoje o estado est\u00e1 todo na \u00e1rea azul, a gente vai dar alguns passos necess\u00e1rios ainda na \u00e1rea azul antes de ir para a \u00e1rea verde&#8221;.<\/p>\n<p>&nbsp;<\/p>\n<p><strong>Fonte: G1\/AL<\/strong><\/p>\n<p>&nbsp;<\/p>\n","protected":false},"excerpt":{"rendered":"<p>O governador Renan Filho (MDB) informou que a retomada gradativa das aulas presenciais, come\u00e7ando pela educa\u00e7\u00e3o de adultos, j\u00e1 tem data para acontecer: a pr\u00f3xima segunda-feira (26). Os detalhes devem ser publicados na edi\u00e7\u00e3o de quinta (22) do Di\u00e1rio Oficial do Estado. As atividades presenciais na educa\u00e7\u00e3o est\u00e3o suspensas desde mar\u00e7o, como medida de preven\u00e7\u00e3o &hellip;<\/p>\n","protected":false},"author":1,"featured_media":10217,"comment_status":"open","ping_status":"open","sticky":false,"template":"","format":"standard","meta":{"_jetpack_newsletter_access":"","_jetpack_dont_email_post_to_subs":false,"_jetpack_newsletter_tier_id":0,"_jetpack_memberships_contains_paywalled_content":false,"_jetpack_memberships_contains_paid_content":false,"footnotes":""},"categories":[1],"tags":[],"class_list":["post-10216","post","type-post","status-publish","format-standard","has-post-thumbnail","hentry","category-destaque"],"jetpack_sharing_enabled":true,"jetpack_featured_media_url":"","_links":{"self":[{"href":"https:\/\/www.oparanews.com.br\/index.php\/wp-json\/wp\/v2\/posts\/10216","targetHints":{"allow":["GET"]}}],"collection":[{"href":"https:\/\/www.oparanews.com.br\/index.php\/wp-json\/wp\/v2\/posts"}],"about":[{"href":"https:\/\/www.oparanews.com.br\/index.php\/wp-json\/wp\/v2\/types\/post"}],"author":[{"embeddable":true,"href":"https:\/\/www.oparanews.com.br\/index.php\/wp-json\/wp\/v2\/users\/1"}],"replies":[{"embeddable":true,"href":"https:\/\/www.oparanews.com.br\/index.php\/wp-json\/wp\/v2\/comments?post=10216"}],"version-history":[{"count":0,"href":"https:\/\/www.oparanews.com.br\/index.php\/wp-json\/wp\/v2\/posts\/10216\/revisions"}],"wp:attachment":[{"href":"https:\/\/www.oparanews.com.br\/index.php\/wp-json\/wp\/v2\/media?parent=10216"}],"wp:term":[{"taxonomy":"category","embeddable":true,"href":"https:\/\/www.oparanews.com.br\/index.php\/wp-json\/wp\/v2\/categories?post=10216"},{"taxonomy":"post_tag","embeddable":true,"href":"https:\/\/www.oparanews.com.br\/index.php\/wp-json\/wp\/v2\/tags?post=10216"}],"curies":[{"name":"wp","href":"https:\/\/api.w.org\/{rel}","templated":true}]}}