{"id":10219,"date":"2020-10-21T19:15:31","date_gmt":"2020-10-21T19:15:31","guid":{"rendered":"https:\/\/oparanews.com.br\/?p=10219"},"modified":"2020-10-21T19:15:31","modified_gmt":"2020-10-21T19:15:31","slug":"so-preciso-de-4-anos-para-fazer-a-diferenca-na-camara-diz-walder-lima","status":"publish","type":"post","link":"https:\/\/www.oparanews.com.br\/index.php\/2020\/10\/21\/so-preciso-de-4-anos-para-fazer-a-diferenca-na-camara-diz-walder-lima\/","title":{"rendered":"&#8220;S\u00f3 preciso de 4 anos para fazer a diferen\u00e7a na C\u00e2mara&#8221;, diz Walder Lima"},"content":{"rendered":"<p>Ainda sobre a entrevista do candidato a vereador por Penedo, Walder Lima, no programa Realidade na TV, ele disse que se sente preparado para assumir uma cadeira de vereador na C\u00e2mara Municipal de Penedo. Walder Lima disse tamb\u00e9m que s\u00f3 precisa de um mandato (4 anos) para fazer a diferen\u00e7a da C\u00e2mara.<\/p>\n<p>Veja abaixo dois v\u00eddeos onde Walder Lima exp\u00f5e suas ideias e o compromisso que ter\u00e1 com a popula\u00e7\u00e3o penedense.<\/p>\n<p><strong>V\u00cdDEO 1 &#8211; &#8220;Estou preparado para ser vereador por Penedo&#8221;<\/strong><\/p>\n<div style=\"width: 1280px;\" class=\"wp-video\"><video class=\"wp-video-shortcode\" id=\"video-10219-1\" width=\"1280\" height=\"720\" preload=\"metadata\" controls=\"controls\"><source type=\"video\/mp4\" src=\"https:\/\/oparanews.com.br\/wp-content\/uploads\/2020\/10\/ESTOU-PREPARADO-PARA-SER-VEREADOR.mp4?_=1\" \/><a href=\"https:\/\/oparanews.com.br\/wp-content\/uploads\/2020\/10\/ESTOU-PREPARADO-PARA-SER-VEREADOR.mp4\">https:\/\/oparanews.com.br\/wp-content\/uploads\/2020\/10\/ESTOU-PREPARADO-PARA-SER-VEREADOR.mp4<\/a><\/video><\/div>\n<p><strong>V\u00cdDEO 2 &#8211; &#8220;O esporte ser\u00e1 o meu foco; Eu s\u00f3 preciso de uma mandato para fazer a diferen\u00e7a&#8221;<\/strong><\/p>\n<div style=\"width: 1280px;\" class=\"wp-video\"><video class=\"wp-video-shortcode\" id=\"video-10219-2\" width=\"1280\" height=\"720\" preload=\"metadata\" controls=\"controls\"><source type=\"video\/mp4\" src=\"https:\/\/oparanews.com.br\/wp-content\/uploads\/2020\/10\/PENEDENSE-E-APENAS-1-MANDATO.mp4?_=2\" \/><a href=\"https:\/\/oparanews.com.br\/wp-content\/uploads\/2020\/10\/PENEDENSE-E-APENAS-1-MANDATO.mp4\">https:\/\/oparanews.com.br\/wp-content\/uploads\/2020\/10\/PENEDENSE-E-APENAS-1-MANDATO.mp4<\/a><\/video><\/div>\n<p>&nbsp;<\/p>\n<p><strong>por Reda\u00e7\u00e3o<\/strong><\/p>\n<p>&nbsp;<\/p>\n","protected":false},"excerpt":{"rendered":"<p>Ainda sobre a entrevista do candidato a vereador por Penedo, Walder Lima, no programa Realidade na TV, ele disse que se sente preparado para assumir uma cadeira de vereador na C\u00e2mara Municipal de Penedo. Walder Lima disse tamb\u00e9m que s\u00f3 precisa de um mandato (4 anos) para fazer a diferen\u00e7a da C\u00e2mara. Veja abaixo dois &hellip;<\/p>\n","protected":false},"author":1,"featured_media":10174,"comment_status":"open","ping_status":"open","sticky":false,"template":"","format":"standard","meta":{"_jetpack_newsletter_access":"","_jetpack_dont_email_post_to_subs":false,"_jetpack_newsletter_tier_id":0,"_jetpack_memberships_contains_paywalled_content":false,"_jetpack_memberships_contains_paid_content":false,"footnotes":""},"categories":[1],"tags":[],"class_list":["post-10219","post","type-post","status-publish","format-standard","has-post-thumbnail","hentry","category-destaque"],"jetpack_sharing_enabled":true,"jetpack_featured_media_url":"","_links":{"self":[{"href":"https:\/\/www.oparanews.com.br\/index.php\/wp-json\/wp\/v2\/posts\/10219","targetHints":{"allow":["GET"]}}],"collection":[{"href":"https:\/\/www.oparanews.com.br\/index.php\/wp-json\/wp\/v2\/posts"}],"about":[{"href":"https:\/\/www.oparanews.com.br\/index.php\/wp-json\/wp\/v2\/types\/post"}],"author":[{"embeddable":true,"href":"https:\/\/www.oparanews.com.br\/index.php\/wp-json\/wp\/v2\/users\/1"}],"replies":[{"embeddable":true,"href":"https:\/\/www.oparanews.com.br\/index.php\/wp-json\/wp\/v2\/comments?post=10219"}],"version-history":[{"count":0,"href":"https:\/\/www.oparanews.com.br\/index.php\/wp-json\/wp\/v2\/posts\/10219\/revisions"}],"wp:attachment":[{"href":"https:\/\/www.oparanews.com.br\/index.php\/wp-json\/wp\/v2\/media?parent=10219"}],"wp:term":[{"taxonomy":"category","embeddable":true,"href":"https:\/\/www.oparanews.com.br\/index.php\/wp-json\/wp\/v2\/categories?post=10219"},{"taxonomy":"post_tag","embeddable":true,"href":"https:\/\/www.oparanews.com.br\/index.php\/wp-json\/wp\/v2\/tags?post=10219"}],"curies":[{"name":"wp","href":"https:\/\/api.w.org\/{rel}","templated":true}]}}