{"id":10223,"date":"2020-10-21T19:16:31","date_gmt":"2020-10-21T19:16:31","guid":{"rendered":"https:\/\/oparanews.com.br\/?p=10223"},"modified":"2020-10-21T19:16:31","modified_gmt":"2020-10-21T19:16:31","slug":"ministro-da-saude-pazuello-testa-positivo-para-covid-19","status":"publish","type":"post","link":"https:\/\/www.oparanews.com.br\/index.php\/2020\/10\/21\/ministro-da-saude-pazuello-testa-positivo-para-covid-19\/","title":{"rendered":"Ministro da Sa\u00fade, Pazuello testa positivo para covid-19"},"content":{"rendered":"<p>O ministro da Sa\u00fade, Eduardo Pazuello, foi diagnosticado com covid-19. Ele afastou-se do trabalho e est\u00e1 em isolamento. A informa\u00e7\u00e3o foi confirmada ao Estad\u00e3o por um assessor do ministro. O Minist\u00e9rio da Sa\u00fade ainda n\u00e3o divulgou nota sobre o quadro cl\u00ednico de Pazuello. Ele aguardava resultado de exames ap\u00f3s suspeitar de sintomas.<\/p>\n<p>O ministro j\u00e1 havia tido febre e passado mal no in\u00edcio da semana. Deixou inclusive de participar de cerim\u00f4nias p\u00fablicas.<\/p>\n<p>Mas fez nesta ter\u00e7a-feira uma reuni\u00e3o por videoconfer\u00eancia com governos estaduais sobre a inten\u00e7\u00e3o de comprar 46 milh\u00f5es de doses da vacina desenvolvida no Instituto Butant\u00e3 em parceria do laborat\u00f3rio chin\u00eas Sinovac. Nesta quarta-feira, por\u00e9m, o presidente Jair Bolsonaro desautorizou o &#8220;compromisso&#8221; de Pazuello e chegou a falar em &#8220;trai\u00e7\u00e3o&#8221;.<\/p>\n<p>Ele \u00e9 o 12\u00b0 ministro do governo Bolsonaro a contrair covid-19. Na segunda-feira, 19, o pr\u00f3prio presidente Bolsonaro comentou que o chefe da Sa\u00fade havia sentido uma indisposi\u00e7\u00e3o. Na ocasi\u00e3o, o mandat\u00e1rio disse que o ministro havia comparecido ao hospital e que estaria bem.<\/p>\n<p>&nbsp;<\/p>\n<p><strong>Fonte: Terra<\/strong><\/p>\n<p>&nbsp;<\/p>\n","protected":false},"excerpt":{"rendered":"<p>O ministro da Sa\u00fade, Eduardo Pazuello, foi diagnosticado com covid-19. Ele afastou-se do trabalho e est\u00e1 em isolamento. A informa\u00e7\u00e3o foi confirmada ao Estad\u00e3o por um assessor do ministro. O Minist\u00e9rio da Sa\u00fade ainda n\u00e3o divulgou nota sobre o quadro cl\u00ednico de Pazuello. Ele aguardava resultado de exames ap\u00f3s suspeitar de sintomas. O ministro j\u00e1 &hellip;<\/p>\n","protected":false},"author":1,"featured_media":10224,"comment_status":"open","ping_status":"open","sticky":false,"template":"","format":"standard","meta":{"_jetpack_newsletter_access":"","_jetpack_dont_email_post_to_subs":false,"_jetpack_newsletter_tier_id":0,"_jetpack_memberships_contains_paywalled_content":false,"_jetpack_memberships_contains_paid_content":false,"footnotes":""},"categories":[1],"tags":[],"class_list":["post-10223","post","type-post","status-publish","format-standard","has-post-thumbnail","hentry","category-destaque"],"jetpack_sharing_enabled":true,"jetpack_featured_media_url":"","_links":{"self":[{"href":"https:\/\/www.oparanews.com.br\/index.php\/wp-json\/wp\/v2\/posts\/10223","targetHints":{"allow":["GET"]}}],"collection":[{"href":"https:\/\/www.oparanews.com.br\/index.php\/wp-json\/wp\/v2\/posts"}],"about":[{"href":"https:\/\/www.oparanews.com.br\/index.php\/wp-json\/wp\/v2\/types\/post"}],"author":[{"embeddable":true,"href":"https:\/\/www.oparanews.com.br\/index.php\/wp-json\/wp\/v2\/users\/1"}],"replies":[{"embeddable":true,"href":"https:\/\/www.oparanews.com.br\/index.php\/wp-json\/wp\/v2\/comments?post=10223"}],"version-history":[{"count":0,"href":"https:\/\/www.oparanews.com.br\/index.php\/wp-json\/wp\/v2\/posts\/10223\/revisions"}],"wp:attachment":[{"href":"https:\/\/www.oparanews.com.br\/index.php\/wp-json\/wp\/v2\/media?parent=10223"}],"wp:term":[{"taxonomy":"category","embeddable":true,"href":"https:\/\/www.oparanews.com.br\/index.php\/wp-json\/wp\/v2\/categories?post=10223"},{"taxonomy":"post_tag","embeddable":true,"href":"https:\/\/www.oparanews.com.br\/index.php\/wp-json\/wp\/v2\/tags?post=10223"}],"curies":[{"name":"wp","href":"https:\/\/api.w.org\/{rel}","templated":true}]}}