{"id":10238,"date":"2020-10-22T17:52:59","date_gmt":"2020-10-22T17:52:59","guid":{"rendered":"https:\/\/oparanews.com.br\/?p=10238"},"modified":"2020-10-22T17:52:59","modified_gmt":"2020-10-22T17:52:59","slug":"decreto-autoriza-o-retorno-do-ensino-para-adultos-em-alagoas-confira-os-detalhes","status":"publish","type":"post","link":"https:\/\/www.oparanews.com.br\/index.php\/2020\/10\/22\/decreto-autoriza-o-retorno-do-ensino-para-adultos-em-alagoas-confira-os-detalhes\/","title":{"rendered":"Decreto autoriza o retorno do ensino para adultos em Alagoas; confira os detalhes"},"content":{"rendered":"<p>O <a href=\"http:\/\/www.imprensaoficialal.com.br\/wp-content\/uploads\/2020\/10\/DOEAL-21_10_2020-SUPLEMENTO.pdf\"><strong>decreto N\u00ba 71.749<\/strong><\/a>, que autoriza a retomada das atividades de ensino presenciais para adultos (maiores de dezoito anos) nas institui\u00e7\u00f5es e escolas localizadas em Alagoas, foi publicado em edi\u00e7\u00e3o suplementar do Di\u00e1rio Oficial do Estado na noite dessa quarta-feira (21). O Governo identificou condi\u00e7\u00f5es epidemiol\u00f3gicas favor\u00e1veis para iniciar os avan\u00e7os na educa\u00e7\u00e3o, ap\u00f3s analisar os n\u00fameros atualizados no combate \u00e0 pandemia da Covid-19.<\/p>\n<p>As institui\u00e7\u00f5es que ofertam cursos livres, como escolas de idiomas, de inform\u00e1tica, cursos preparat\u00f3rios e de capacita\u00e7\u00e3o profissional, bem como da rede de ensino superior (p\u00fablico e privado) retomar\u00e3o as aulas presenciais conforme protocolo sanit\u00e1rio que ser\u00e1 publicado por meio de portaria da Secretaria de Estado da Educa\u00e7\u00e3o (Seduc), aprovado pelos \u00f3rg\u00e3os sanit\u00e1rios da Secretaria de Estado da Sa\u00fade (Sesau).<\/p>\n<p>O decreto recomenda, ainda, que sejam priorizadas as aulas por meio virtual e faculta o retorno \u00e0s atividades presenciais aos profissionais da \u00e1rea da educa\u00e7\u00e3o que se encontram no grupo de risco. Conforme a publica\u00e7\u00e3o, est\u00e3o autorizadas as aulas coletivas esportivas e de gin\u00e1stica para os adultos.<\/p>\n<p>Protocolo sanit\u00e1rio \u2013 O secret\u00e1rio de Estado da Educa\u00e7\u00e3o, F\u00e1bio Guedes, informou que as aulas presenciais para o p\u00fablico adulto estar\u00e3o liberadas a partir da pr\u00f3xima segunda-feira (26), mas ressaltou que cada institui\u00e7\u00e3o ou empresa definir\u00e1 a data de retorno das atividades.<\/p>\n<p>\u201cNa segunda-feira, vamos publicar uma portaria apenas regulamentando essa libera\u00e7\u00e3o e funcionamento, com um protocolo sanit\u00e1rio objetivo, claro e obedecendo aos padr\u00f5es definidos pela OMS (Organiza\u00e7\u00e3o Mundial da Sa\u00fade) e aprovados pela Vigil\u00e2ncia Sanit\u00e1ria Estadual, aplicado ao funcionamento da \u00e1rea educacional\u201d, informou Guedes.<\/p>\n<p>Interior \u2013 Aos munic\u00edpios alagoanos foi facultado o poder de decidir pela retomada das aulas presenciais. \u201cFacultaremos aos munic\u00edpios, tamb\u00e9m, participarem dessa libera\u00e7\u00e3o. Aquele prefeito que achar que n\u00e3o deve voltar com a educa\u00e7\u00e3o para adultos neste momento pode entrar em contato com o Governo do Estado, porque n\u00f3s vamos observar a situa\u00e7\u00e3o espec\u00edfica. N\u00f3s do Governo n\u00e3o verificamos essa necessidade de n\u00e3o avan\u00e7armos em todas as cidades, mas se houver algum problema espec\u00edfico, vamos avali\u00e1-lo\u201d, declarou o governador Renan Filho, em transmiss\u00e3o ao vivo na quarta-feira (21).<\/p>\n<p>&nbsp;<\/p>\n<p><strong>Fonte: Ag\u00eancia Alagoas<\/strong><\/p>\n<p>&nbsp;<\/p>\n","protected":false},"excerpt":{"rendered":"<p>O decreto N\u00ba 71.749, que autoriza a retomada das atividades de ensino presenciais para adultos (maiores de dezoito anos) nas institui\u00e7\u00f5es e escolas localizadas em Alagoas, foi publicado em edi\u00e7\u00e3o suplementar do Di\u00e1rio Oficial do Estado na noite dessa quarta-feira (21). O Governo identificou condi\u00e7\u00f5es epidemiol\u00f3gicas favor\u00e1veis para iniciar os avan\u00e7os na educa\u00e7\u00e3o, ap\u00f3s analisar &hellip;<\/p>\n","protected":false},"author":1,"featured_media":10239,"comment_status":"open","ping_status":"open","sticky":false,"template":"","format":"standard","meta":{"_jetpack_newsletter_access":"","_jetpack_dont_email_post_to_subs":false,"_jetpack_newsletter_tier_id":0,"_jetpack_memberships_contains_paywalled_content":false,"_jetpack_memberships_contains_paid_content":false,"footnotes":""},"categories":[1],"tags":[],"class_list":["post-10238","post","type-post","status-publish","format-standard","has-post-thumbnail","hentry","category-destaque"],"jetpack_sharing_enabled":true,"jetpack_featured_media_url":"","_links":{"self":[{"href":"https:\/\/www.oparanews.com.br\/index.php\/wp-json\/wp\/v2\/posts\/10238","targetHints":{"allow":["GET"]}}],"collection":[{"href":"https:\/\/www.oparanews.com.br\/index.php\/wp-json\/wp\/v2\/posts"}],"about":[{"href":"https:\/\/www.oparanews.com.br\/index.php\/wp-json\/wp\/v2\/types\/post"}],"author":[{"embeddable":true,"href":"https:\/\/www.oparanews.com.br\/index.php\/wp-json\/wp\/v2\/users\/1"}],"replies":[{"embeddable":true,"href":"https:\/\/www.oparanews.com.br\/index.php\/wp-json\/wp\/v2\/comments?post=10238"}],"version-history":[{"count":0,"href":"https:\/\/www.oparanews.com.br\/index.php\/wp-json\/wp\/v2\/posts\/10238\/revisions"}],"wp:attachment":[{"href":"https:\/\/www.oparanews.com.br\/index.php\/wp-json\/wp\/v2\/media?parent=10238"}],"wp:term":[{"taxonomy":"category","embeddable":true,"href":"https:\/\/www.oparanews.com.br\/index.php\/wp-json\/wp\/v2\/categories?post=10238"},{"taxonomy":"post_tag","embeddable":true,"href":"https:\/\/www.oparanews.com.br\/index.php\/wp-json\/wp\/v2\/tags?post=10238"}],"curies":[{"name":"wp","href":"https:\/\/api.w.org\/{rel}","templated":true}]}}