{"id":10241,"date":"2020-10-23T00:24:12","date_gmt":"2020-10-23T00:24:12","guid":{"rendered":"https:\/\/oparanews.com.br\/?p=10241"},"modified":"2020-10-23T00:24:12","modified_gmt":"2020-10-23T00:24:12","slug":"brasil-tem-menos-de-500-mortes-em-24h-pela-1a-vez-em-6-meses","status":"publish","type":"post","link":"https:\/\/www.oparanews.com.br\/index.php\/2020\/10\/23\/brasil-tem-menos-de-500-mortes-em-24h-pela-1a-vez-em-6-meses\/","title":{"rendered":"Brasil tem menos de 500 mortes em 24h pela 1\u00aa vez em 6 meses"},"content":{"rendered":"<p>O Brasil registrou nessa quinta-feira o menor n\u00famero de mortes di\u00e1rias pelo coronav\u00edrus em quase seis meses (considerando os dias de contagem regular, excluindo finais de semana, segundas, feriados e p\u00f3s-feriados). Segundo balan\u00e7o divulgado pelo Minist\u00e9rio da Sa\u00fade, foram 497 novos \u00f3bitos, acima apenas das 428 mortes registradas no dia 30 de abril. Com isso, o Pa\u00eds registra agora 155.900 \u00f3bitos desde o in\u00edcio da pandemia.<\/p>\n<p>Tamb\u00e9m foram notificados 33.862 novos casos da doen\u00e7a provocada pelo coronav\u00edrus, com o total de infec\u00e7\u00f5es confirmadas no pa\u00eds atingindo 5.332.632. Essa \u00e9 a maior contagem di\u00e1ria de novos casos desde o \u00faltimo dia 6, quando foram computadas quase 42 mil infec\u00e7\u00f5es.<\/p>\n<p>O Brasil \u00e9 o segundo pa\u00eds com maior n\u00famero de mortes por coronav\u00edrus no mundo, atr\u00e1s apenas dos Estados Unidos, e o terceiro em casos, abaixo dos EUA e da \u00cdndia.<\/p>\n<p>Apesar disso, nas \u00faltimas semanas a pandemia tem desacelerado no Brasil em rela\u00e7\u00e3o ao pico atingido no final de julho, quando eram registrados por dia, em m\u00e9dia, mais de 50 mil casos novos e mais de 1 mil \u00f3bitos.<\/p>\n<p><strong>Dados do cons\u00f3rcio da imprensa<\/strong><\/p>\n<p>De acordo com dados do cons\u00f3rcio dos ve\u00edculos de imprensa, formado por Estad\u00e3o, G1, O Globo, Extra, Folha e UOL, o Brasil registrou m\u00e9dia m\u00f3vel di\u00e1ria de 493 \u00f3bitos pela covid-19 nesta quinta-feira, 22. A m\u00e9dia m\u00f3vel registra as oscila\u00e7\u00f5es dos \u00faltimos sete dias e elimina distor\u00e7\u00f5es entre um n\u00famero alto de meio de semana e baixo de fim de semana. O cons\u00f3rcio afirma ainda que o Pa\u00eds teve 25.033 novos casos e 503 novos \u00f3bitos nas \u00faltimas 24 horas. No total s\u00e3o 5.325.682 pessoas contaminadas e 155.962 mortas.<\/p>\n<p>&nbsp;<\/p>\n<p><strong>Com informa\u00e7\u00f5es da Reuters e do Estad\u00e3o Conte\u00fado<\/strong><\/p>\n<p>&nbsp;<\/p>\n","protected":false},"excerpt":{"rendered":"<p>O Brasil registrou nessa quinta-feira o menor n\u00famero de mortes di\u00e1rias pelo coronav\u00edrus em quase seis meses (considerando os dias de contagem regular, excluindo finais de semana, segundas, feriados e p\u00f3s-feriados). Segundo balan\u00e7o divulgado pelo Minist\u00e9rio da Sa\u00fade, foram 497 novos \u00f3bitos, acima apenas das 428 mortes registradas no dia 30 de abril. Com isso, &hellip;<\/p>\n","protected":false},"author":1,"featured_media":10242,"comment_status":"open","ping_status":"open","sticky":false,"template":"","format":"standard","meta":{"_jetpack_newsletter_access":"","_jetpack_dont_email_post_to_subs":false,"_jetpack_newsletter_tier_id":0,"_jetpack_memberships_contains_paywalled_content":false,"_jetpack_memberships_contains_paid_content":false,"footnotes":""},"categories":[1],"tags":[],"class_list":["post-10241","post","type-post","status-publish","format-standard","has-post-thumbnail","hentry","category-destaque"],"jetpack_sharing_enabled":true,"jetpack_featured_media_url":"","_links":{"self":[{"href":"https:\/\/www.oparanews.com.br\/index.php\/wp-json\/wp\/v2\/posts\/10241","targetHints":{"allow":["GET"]}}],"collection":[{"href":"https:\/\/www.oparanews.com.br\/index.php\/wp-json\/wp\/v2\/posts"}],"about":[{"href":"https:\/\/www.oparanews.com.br\/index.php\/wp-json\/wp\/v2\/types\/post"}],"author":[{"embeddable":true,"href":"https:\/\/www.oparanews.com.br\/index.php\/wp-json\/wp\/v2\/users\/1"}],"replies":[{"embeddable":true,"href":"https:\/\/www.oparanews.com.br\/index.php\/wp-json\/wp\/v2\/comments?post=10241"}],"version-history":[{"count":0,"href":"https:\/\/www.oparanews.com.br\/index.php\/wp-json\/wp\/v2\/posts\/10241\/revisions"}],"wp:attachment":[{"href":"https:\/\/www.oparanews.com.br\/index.php\/wp-json\/wp\/v2\/media?parent=10241"}],"wp:term":[{"taxonomy":"category","embeddable":true,"href":"https:\/\/www.oparanews.com.br\/index.php\/wp-json\/wp\/v2\/categories?post=10241"},{"taxonomy":"post_tag","embeddable":true,"href":"https:\/\/www.oparanews.com.br\/index.php\/wp-json\/wp\/v2\/tags?post=10241"}],"curies":[{"name":"wp","href":"https:\/\/api.w.org\/{rel}","templated":true}]}}