{"id":10250,"date":"2020-10-23T18:20:39","date_gmt":"2020-10-23T18:20:39","guid":{"rendered":"https:\/\/oparanews.com.br\/?p=10250"},"modified":"2020-10-23T18:20:39","modified_gmt":"2020-10-23T18:20:39","slug":"fim-de-semana-deve-ser-de-tempo-instavel-e-possibilidade-de-chuva","status":"publish","type":"post","link":"https:\/\/www.oparanews.com.br\/index.php\/2020\/10\/23\/fim-de-semana-deve-ser-de-tempo-instavel-e-possibilidade-de-chuva\/","title":{"rendered":"Fim de semana deve ser de tempo inst\u00e1vel e possibilidade de chuva"},"content":{"rendered":"<p>O fim de semana em Alagoas deve ser de tempo inst\u00e1vel e possibilidade de chuva na maioria das regi\u00f5es do estado. A informa\u00e7\u00e3o \u00e9 da Secretaria de Estado do Meio Ambiente e dos Recursos H\u00eddricos (Semarh).<\/p>\n<p>Nesta sexta (23), os term\u00f4metros devem ficar entre 22\u00baC e 35\u00baC. Em Macei\u00f3, a m\u00ednima prevista \u00e9 de 24\u00baC e a m\u00e1xima, 30\u00baC.<\/p>\n<p>Tanto no s\u00e1bado (24) quanto no domingo (25), o Sert\u00e3o deve registrar as temperaturas mais baixas e as mais altas do estado 22\u00baC e 35\u00baC.<\/p>\n<p>Confira a previs\u00e3o do tempo para s\u00e1bado (24) e domingo (25):<\/p>\n<p>S\u00e1bado<\/p>\n<p>Macei\u00f3<\/p>\n<p>Clima: Possibilidade de chuva intercalada com per\u00edodos de tempo seco na primeira metade do dia e durante a noite. Nebulosidade vari\u00e1vel no restante do per\u00edodo.<br \/>\nVaria\u00e7\u00e3o de temperatura: 25\u00baC a 30\u00baC<\/p>\n<p>Agreste<\/p>\n<p>Clima: Nebulosidade vari\u00e1vel com possibilidade de chuva leve e de curta dura\u00e7\u00e3o intercalada com per\u00edodos de tempo seco durante o per\u00edodo.<br \/>\nVaria\u00e7\u00e3o de temperatura: 23\u00baC a 32\u00baC<\/p>\n<p>Baixo S\u00e3o Francisco<\/p>\n<p>Clima: Nebulosidade vari\u00e1vel com possibilidade de chuva leve e de curta dura\u00e7\u00e3o intercalada com per\u00edodos de tempo seco durante o per\u00edodo.<br \/>\nVaria\u00e7\u00e3o de temperatura: 24\u00baC a 30\u00baC<\/p>\n<p>Litoral<\/p>\n<p>Clima: Possibilidade de chuva intercalada com per\u00edodos de tempo seco na primeira metade do dia e durante a noite. Nebulosidade vari\u00e1vel no restante do per\u00edodo.<br \/>\nVaria\u00e7\u00e3o de temperatura: 24\u00baC a 30\u00baC<\/p>\n<p>Sert\u00e3o<\/p>\n<p>Clima: Per\u00edodos curtos de sol intercalados com per\u00edodos de nuvens.<br \/>\nVaria\u00e7\u00e3o de temperatura: 22\u00baC a 35\u00baC<\/p>\n<p>Zona da Mata<\/p>\n<p>Clima: Possibilidade de chuva intercalada com per\u00edodos de tempo seco na primeira metade do dia e durante a noite. Nebulosidade vari\u00e1vel no restante do per\u00edodo.<br \/>\nVaria\u00e7\u00e3o de temperatura: 24\u00baC a 30\u00baC<\/p>\n<p>Domingo<\/p>\n<p>Macei\u00f3<\/p>\n<p>Clima: Possibilidade de chuva intercalada com per\u00edodos de tempo seco nas primeiras horas do dia. Nebulosidade vari\u00e1vel no restante do per\u00edodo.<br \/>\nVaria\u00e7\u00e3o de temperatura: 24\u00baC a 30\u00baC<\/p>\n<p>Agreste<\/p>\n<p>Clima: Per\u00edodos curtos de sol intercalados com per\u00edodos de nuvens.<br \/>\nVaria\u00e7\u00e3o de temperatura: 23\u00baC a 32\u00baC<\/p>\n<p>Baixo S\u00e3o Francisco<\/p>\n<p>Clima: Possibilidade de chuva intercalada com per\u00edodos de tempo seco nas primeiras horas do dia. Nebulosidade vari\u00e1vel no restante do per\u00edodo.<br \/>\nVaria\u00e7\u00e3o de temperatura: 24\u00baC a 31\u00baC<\/p>\n<p>Litoral<\/p>\n<p>Clima: Possibilidade de chuva intercalada com per\u00edodos de tempo seco nas primeiras horas do dia. Nebulosidade vari\u00e1vel no restante do per\u00edodo.<br \/>\nVaria\u00e7\u00e3o de temperatura: 24\u00baC a 30\u00baC<\/p>\n<p>Sert\u00e3o<\/p>\n<p>Clima: Sol entre poucas nuvens.<br \/>\nVaria\u00e7\u00e3o de temperatura: 22\u00baC a 35\u00baC<\/p>\n<p>Zona da Mata<\/p>\n<p>Clima: Possibilidade de chuva intercalada com per\u00edodos de tempo seco nas primeiras horas do dia. Nebulosidade vari\u00e1vel no restante do per\u00edodo.<br \/>\nVaria\u00e7\u00e3o de temperatura: 23\u00baC a 30\u00baC<\/p>\n<p>&nbsp;<\/p>\n<p><strong>Fonte: G1\/AL<\/strong><\/p>\n<p>&nbsp;<\/p>\n","protected":false},"excerpt":{"rendered":"<p>O fim de semana em Alagoas deve ser de tempo inst\u00e1vel e possibilidade de chuva na maioria das regi\u00f5es do estado. A informa\u00e7\u00e3o \u00e9 da Secretaria de Estado do Meio Ambiente e dos Recursos H\u00eddricos (Semarh). Nesta sexta (23), os term\u00f4metros devem ficar entre 22\u00baC e 35\u00baC. Em Macei\u00f3, a m\u00ednima prevista \u00e9 de 24\u00baC &hellip;<\/p>\n","protected":false},"author":1,"featured_media":10251,"comment_status":"open","ping_status":"open","sticky":false,"template":"","format":"standard","meta":{"_jetpack_newsletter_access":"","_jetpack_dont_email_post_to_subs":false,"_jetpack_newsletter_tier_id":0,"_jetpack_memberships_contains_paywalled_content":false,"_jetpack_memberships_contains_paid_content":false,"footnotes":""},"categories":[1],"tags":[],"class_list":["post-10250","post","type-post","status-publish","format-standard","has-post-thumbnail","hentry","category-destaque"],"jetpack_sharing_enabled":true,"jetpack_featured_media_url":"","_links":{"self":[{"href":"https:\/\/www.oparanews.com.br\/index.php\/wp-json\/wp\/v2\/posts\/10250","targetHints":{"allow":["GET"]}}],"collection":[{"href":"https:\/\/www.oparanews.com.br\/index.php\/wp-json\/wp\/v2\/posts"}],"about":[{"href":"https:\/\/www.oparanews.com.br\/index.php\/wp-json\/wp\/v2\/types\/post"}],"author":[{"embeddable":true,"href":"https:\/\/www.oparanews.com.br\/index.php\/wp-json\/wp\/v2\/users\/1"}],"replies":[{"embeddable":true,"href":"https:\/\/www.oparanews.com.br\/index.php\/wp-json\/wp\/v2\/comments?post=10250"}],"version-history":[{"count":0,"href":"https:\/\/www.oparanews.com.br\/index.php\/wp-json\/wp\/v2\/posts\/10250\/revisions"}],"wp:attachment":[{"href":"https:\/\/www.oparanews.com.br\/index.php\/wp-json\/wp\/v2\/media?parent=10250"}],"wp:term":[{"taxonomy":"category","embeddable":true,"href":"https:\/\/www.oparanews.com.br\/index.php\/wp-json\/wp\/v2\/categories?post=10250"},{"taxonomy":"post_tag","embeddable":true,"href":"https:\/\/www.oparanews.com.br\/index.php\/wp-json\/wp\/v2\/tags?post=10250"}],"curies":[{"name":"wp","href":"https:\/\/api.w.org\/{rel}","templated":true}]}}