{"id":10259,"date":"2020-10-23T18:41:07","date_gmt":"2020-10-23T18:41:07","guid":{"rendered":"https:\/\/oparanews.com.br\/?p=10259"},"modified":"2020-10-23T18:41:07","modified_gmt":"2020-10-23T18:41:07","slug":"tite-convoca-duplas-de-fla-e-palmeiras-para-eliminatorias","status":"publish","type":"post","link":"https:\/\/www.oparanews.com.br\/index.php\/2020\/10\/23\/tite-convoca-duplas-de-fla-e-palmeiras-para-eliminatorias\/","title":{"rendered":"Tite convoca duplas de Fla e Palmeiras para Eliminat\u00f3rias"},"content":{"rendered":"<p>O t\u00e9cnico Tite convocou nesta sexta-feira a Sele\u00e7\u00e3o Brasileira para os dois pr\u00f3ximos compromissos nas Eliminat\u00f3rias para a Copa do Mundo de 2022. Os duelos ser\u00e3o contra a Venezuela (dia 13, no Morumbi) e Uruguai (dia 17, em Montevid\u00e9u ). A equipe verde e amarela tem 100% de aproveitamento nos dois primeiros jogos em busca de vaga no Catar: vit\u00f3rias contra a Bol\u00edvia (5 a 0 na Arena Corinthians) e Peru (4 a 2 em Lima).<\/p>\n<p>A lista n\u00e3o teve grandes surpresas, com a manuten\u00e7\u00e3o das duplas de Palmeiras e Flamengo. Do lado paulista, o goleiro Weverton e o volante Gabriel Menino (convocado por Tite como lateral mais uma vez). J\u00e1 do lado do Flamengo est\u00e3o o zagueiro Rodrigo Caio e o meio-campista Everton Ribeiro. Outro destaque \u00e9 a volta de Vin\u00edcius Jr., do Real Madrid, ao grupo.<\/p>\n<p>Como aconteceu nas primeiras rodadas das Eliminat\u00f3rias, os jogos do Brasil como mandante, contra a Venezuela, ter\u00e1 transmiss\u00e3o na TV Globo e no SporTV. J\u00e1 o duelo com o Uruguai, por enquanto, n\u00e3o haver\u00e1 transmiss\u00e3o na TV. No jogo passado, contra o Peru, o EI Plus acertou a compra dos direitos de transmiss\u00e3o da partida para o pay-per-view. E faltando menos de uma hora para o in\u00edcio da partida, a TV Brasil anunciou que iria transmitir a o confronto.<\/p>\n<p>Confira a lista completa:<\/p>\n<p>Goleiros<\/p>\n<p>Alisson &#8211; Liverpool (ING)<br \/>\nEderson &#8211; Manchester City (ING)<br \/>\nWeverton &#8211; Palmeiras<\/p>\n<p>Laterais<\/p>\n<p>Alex Telles &#8211; Manchester United (ING)<br \/>\nDanilo &#8211; Juventus (ITA)<br \/>\nGabriel Menino &#8211; Palmeiras<br \/>\nRenan Lodi &#8211; Atl\u00e9tico de Madrid (ESP)<\/p>\n<p>Zagueiros<\/p>\n<p>\u00c9der Milit\u00e3o &#8211; Real Madrid (ESP)<br \/>\nMarquinhos &#8211; Paris Saint-Germain (FRA)<br \/>\nRodrigo Caio &#8211; Flamengo<br \/>\nThiago Silva &#8211; Chelsea (ING)<\/p>\n<p>Meio-campistas<\/p>\n<p>Arthur &#8211; Juventus (ITA)<br \/>\nCasemiro &#8211; Real Madrid (ESP)<br \/>\nDouglas Luiz &#8211; Aston Villa (ING)<br \/>\nEverton Ribeiro &#8211; Flamengo<br \/>\nFabinho &#8211; Liverpool (ING)<br \/>\nPhilippe Coutinho &#8211; Barcelona (ESP)<\/p>\n<p>Atacantes<\/p>\n<p>Everton &#8211; Benfica (POR)<br \/>\nGabriel Jesus &#8211; Manchester City (ING)<br \/>\nNeymar &#8211; Paris Saint-Germain (FRA)<br \/>\nRicharlison &#8211; Everton (ING)<br \/>\nRoberto Firmino &#8211; Liverpool (ING)<br \/>\nVinicius Jr &#8211; Real Madrid (ESP)<\/p>\n<p>&nbsp;<\/p>\n<p><strong>Com informa\u00e7\u00f5es do Estad\u00e3o Conte\u00fado<\/strong><\/p>\n<p>&nbsp;<\/p>\n","protected":false},"excerpt":{"rendered":"<p>O t\u00e9cnico Tite convocou nesta sexta-feira a Sele\u00e7\u00e3o Brasileira para os dois pr\u00f3ximos compromissos nas Eliminat\u00f3rias para a Copa do Mundo de 2022. Os duelos ser\u00e3o contra a Venezuela (dia 13, no Morumbi) e Uruguai (dia 17, em Montevid\u00e9u ). A equipe verde e amarela tem 100% de aproveitamento nos dois primeiros jogos em busca &hellip;<\/p>\n","protected":false},"author":1,"featured_media":10260,"comment_status":"open","ping_status":"open","sticky":false,"template":"","format":"standard","meta":{"_jetpack_newsletter_access":"","_jetpack_dont_email_post_to_subs":false,"_jetpack_newsletter_tier_id":0,"_jetpack_memberships_contains_paywalled_content":false,"_jetpack_memberships_contains_paid_content":false,"footnotes":""},"categories":[1],"tags":[],"class_list":["post-10259","post","type-post","status-publish","format-standard","has-post-thumbnail","hentry","category-destaque"],"jetpack_sharing_enabled":true,"jetpack_featured_media_url":"","_links":{"self":[{"href":"https:\/\/www.oparanews.com.br\/index.php\/wp-json\/wp\/v2\/posts\/10259","targetHints":{"allow":["GET"]}}],"collection":[{"href":"https:\/\/www.oparanews.com.br\/index.php\/wp-json\/wp\/v2\/posts"}],"about":[{"href":"https:\/\/www.oparanews.com.br\/index.php\/wp-json\/wp\/v2\/types\/post"}],"author":[{"embeddable":true,"href":"https:\/\/www.oparanews.com.br\/index.php\/wp-json\/wp\/v2\/users\/1"}],"replies":[{"embeddable":true,"href":"https:\/\/www.oparanews.com.br\/index.php\/wp-json\/wp\/v2\/comments?post=10259"}],"version-history":[{"count":0,"href":"https:\/\/www.oparanews.com.br\/index.php\/wp-json\/wp\/v2\/posts\/10259\/revisions"}],"wp:attachment":[{"href":"https:\/\/www.oparanews.com.br\/index.php\/wp-json\/wp\/v2\/media?parent=10259"}],"wp:term":[{"taxonomy":"category","embeddable":true,"href":"https:\/\/www.oparanews.com.br\/index.php\/wp-json\/wp\/v2\/categories?post=10259"},{"taxonomy":"post_tag","embeddable":true,"href":"https:\/\/www.oparanews.com.br\/index.php\/wp-json\/wp\/v2\/tags?post=10259"}],"curies":[{"name":"wp","href":"https:\/\/api.w.org\/{rel}","templated":true}]}}