{"id":10266,"date":"2020-10-23T18:53:50","date_gmt":"2020-10-23T18:53:50","guid":{"rendered":"https:\/\/oparanews.com.br\/?p=10266"},"modified":"2020-10-23T18:53:50","modified_gmt":"2020-10-23T18:53:50","slug":"desemprego-e-recorde-e-atinge-135-milhoes-de-brasileiros","status":"publish","type":"post","link":"https:\/\/www.oparanews.com.br\/index.php\/2020\/10\/23\/desemprego-e-recorde-e-atinge-135-milhoes-de-brasileiros\/","title":{"rendered":"Desemprego \u00e9 recorde e atinge 13,5 milh\u00f5es de brasileiros"},"content":{"rendered":"<p>O n\u00famero de pessoas desocupadas no Brasil chegou a 13,5 milh\u00f5es em setembro, equivalente a 14% dos trabalhadores, maior taxa mensal da s\u00e9rie hist\u00f3rica do Instituto Brasileiro de Geografia e Estat\u00edstica (IBGE). Esses dados integram a edi\u00e7\u00e3o mensal da Pnad Covid-19.<\/p>\n<p>Em maio a popula\u00e7\u00e3o desocupada era de 10,1 milh\u00f5es, saltando para 12,9 milh\u00f5es em agosto e 13,5 milh\u00f5es no m\u00eas passado. Isso representa alta de 33,1% desde o in\u00edcio da pesquisa. Em agosto a taxa de desocupa\u00e7\u00e3o era de 13,6%.<\/p>\n<p>Por outro lado, a for\u00e7a de trabalho teve alta de 1,4%, saindo de 95,1 milh\u00f5es de pessoas empregadas em agosto para 96,4 milh\u00f5es em setembro. O n\u00famero de pessoas fora da for\u00e7a de trabalho passou de 75,2 milh\u00f5es em agosto para 74,1 milh\u00f5es em setembro, caindo 1,5% em rela\u00e7\u00e3o ao m\u00eas anterior.<\/p>\n<p>\u201cH\u00e1 um aumento da popula\u00e7\u00e3o desocupada ao longo de todos esses meses. Esse crescimento se d\u00e1 em fun\u00e7\u00e3o tanto das pessoas que perderam suas ocupa\u00e7\u00f5es, quanto das pessoas que come\u00e7am a sair do distanciamento social e voltam a pressionar o mercado de trabalho\u201d, disse por nota Maria Lucia Vieira, coordenadora da pesquisa.<\/p>\n<p>&nbsp;<\/p>\n<p><strong>Fonte: ISTO \u00c9<\/strong><\/p>\n<p>&nbsp;<\/p>\n","protected":false},"excerpt":{"rendered":"<p>O n\u00famero de pessoas desocupadas no Brasil chegou a 13,5 milh\u00f5es em setembro, equivalente a 14% dos trabalhadores, maior taxa mensal da s\u00e9rie hist\u00f3rica do Instituto Brasileiro de Geografia e Estat\u00edstica (IBGE). Esses dados integram a edi\u00e7\u00e3o mensal da Pnad Covid-19. Em maio a popula\u00e7\u00e3o desocupada era de 10,1 milh\u00f5es, saltando para 12,9 milh\u00f5es em &hellip;<\/p>\n","protected":false},"author":1,"featured_media":10267,"comment_status":"open","ping_status":"open","sticky":false,"template":"","format":"standard","meta":{"_jetpack_newsletter_access":"","_jetpack_dont_email_post_to_subs":false,"_jetpack_newsletter_tier_id":0,"_jetpack_memberships_contains_paywalled_content":false,"_jetpack_memberships_contains_paid_content":false,"footnotes":""},"categories":[1],"tags":[],"class_list":["post-10266","post","type-post","status-publish","format-standard","has-post-thumbnail","hentry","category-destaque"],"jetpack_sharing_enabled":true,"jetpack_featured_media_url":"","_links":{"self":[{"href":"https:\/\/www.oparanews.com.br\/index.php\/wp-json\/wp\/v2\/posts\/10266","targetHints":{"allow":["GET"]}}],"collection":[{"href":"https:\/\/www.oparanews.com.br\/index.php\/wp-json\/wp\/v2\/posts"}],"about":[{"href":"https:\/\/www.oparanews.com.br\/index.php\/wp-json\/wp\/v2\/types\/post"}],"author":[{"embeddable":true,"href":"https:\/\/www.oparanews.com.br\/index.php\/wp-json\/wp\/v2\/users\/1"}],"replies":[{"embeddable":true,"href":"https:\/\/www.oparanews.com.br\/index.php\/wp-json\/wp\/v2\/comments?post=10266"}],"version-history":[{"count":0,"href":"https:\/\/www.oparanews.com.br\/index.php\/wp-json\/wp\/v2\/posts\/10266\/revisions"}],"wp:attachment":[{"href":"https:\/\/www.oparanews.com.br\/index.php\/wp-json\/wp\/v2\/media?parent=10266"}],"wp:term":[{"taxonomy":"category","embeddable":true,"href":"https:\/\/www.oparanews.com.br\/index.php\/wp-json\/wp\/v2\/categories?post=10266"},{"taxonomy":"post_tag","embeddable":true,"href":"https:\/\/www.oparanews.com.br\/index.php\/wp-json\/wp\/v2\/tags?post=10266"}],"curies":[{"name":"wp","href":"https:\/\/api.w.org\/{rel}","templated":true}]}}