{"id":10270,"date":"2020-10-23T23:46:57","date_gmt":"2020-10-23T23:46:57","guid":{"rendered":"https:\/\/oparanews.com.br\/?p=10270"},"modified":"2020-10-23T23:46:57","modified_gmt":"2020-10-23T23:46:57","slug":"secretario-de-saude-presta-contas-na-camara-municipal-de-penedo","status":"publish","type":"post","link":"https:\/\/www.oparanews.com.br\/index.php\/2020\/10\/23\/secretario-de-saude-presta-contas-na-camara-municipal-de-penedo\/","title":{"rendered":"Secret\u00e1rio de Sa\u00fade presta contas na C\u00e2mara Municipal de Penedo"},"content":{"rendered":"<p>O Secret\u00e1rio Municipal de Sa\u00fade, Marcos Beltr\u00e3o, fez a presta\u00e7\u00e3o de contas da pasta que administra desde janeiro deste ano, inclusive do per\u00edodo anterior ao in\u00edcio de sua gest\u00e3o.<\/p>\n<p>O representante da Prefeitura de Penedo tamb\u00e9m foi questionado, no plen\u00e1rio, por parlamentares ap\u00f3s a exposi\u00e7\u00e3o de dados sobre servi\u00e7os, metas e procedimentos da Secretaria Municipal de Sa\u00fade de 2019 e os dois primeiros quadrimestres de 2020.<\/p>\n<p>A divulga\u00e7\u00e3o realizada em forma de audi\u00eancia p\u00fablica realizada nesta quinta-feira, 22 de outubro, mostra como o munic\u00edpio aplica recursos pr\u00f3prios e repasses dos governos federal e estadual; quais tipos de assist\u00eancia promove \u00e0 popula\u00e7\u00e3o e os resultados alcan\u00e7ados, considerando as metas estabelecidas pelo Minist\u00e9rio da Sa\u00fade.<\/p>\n<p>Ap\u00f3s expor e comentar os dados, Marcos Beltr\u00e3o foi questionado pelos vereadores Fagner Matias e Roberto da Farm\u00e1cia (Paulo Roberto Ferreira). O gestor da SEMS Penedo respondeu todas as perguntas, agradecendo o respeito que h\u00e1 entre os Poderes Legislativo e Executivo em Penedo.<\/p>\n<p>Aquisi\u00e7\u00e3o<\/p>\n<p>Ainda durante a sess\u00e3o realizada nesta quinta-feira, 22, a C\u00e2mara Municipal de Penedo autorizou a Prefeitura de Penedo comprar o antigo Hospital Semep.<\/p>\n<p>O im\u00f3vel avaliado em R$ 2.848.000,00 (dois milh\u00f5es e oitocentos e quarenta e oito mil reais) ser\u00e1 incorporado ao patrim\u00f4nio publico municipal por R$ 1.800.000,00 (um milh\u00e3o e oitocentos mil reais), segundo os valores apresentados no Projeto de Lei n\u00ba 028\/2020.<\/p>\n<p>O investimento visa ampliar a estrutura e os servi\u00e7os da rede p\u00fablica municipal de sa\u00fade, conforme justifica o Poder Executivo, citando ainda a vantagem sobre a compra ser quitada em 16 parcelas.<\/p>\n<p>O im\u00f3vel com cerca de 2.458 m\u00b2 de \u00e1rea constru\u00edda possui ainda uma grande \u00e1rea externa e j\u00e1 se encontra sob a responsabilidade do governo local em fun\u00e7\u00e3o da pandemia da Covid-19.<\/p>\n<p>A op\u00e7\u00e3o pela desapropria\u00e7\u00e3o implicaria em efetuar a compra por meio de parcela \u00fanica e antecipada, o que tamb\u00e9m justifica a compra do im\u00f3vel que pertence \u00e0 cooperativa de cr\u00e9dito Sicred Alagoas.<\/p>\n<p>&nbsp;<\/p>\n<p><strong>Por Assessoria CMP<\/strong><br \/>\n<strong>Texto e fotos Fernando Vin\u00edcius \u2013 jornalista<\/strong><\/p>\n<p>&nbsp;<\/p>\n","protected":false},"excerpt":{"rendered":"<p>O Secret\u00e1rio Municipal de Sa\u00fade, Marcos Beltr\u00e3o, fez a presta\u00e7\u00e3o de contas da pasta que administra desde janeiro deste ano, inclusive do per\u00edodo anterior ao in\u00edcio de sua gest\u00e3o. O representante da Prefeitura de Penedo tamb\u00e9m foi questionado, no plen\u00e1rio, por parlamentares ap\u00f3s a exposi\u00e7\u00e3o de dados sobre servi\u00e7os, metas e procedimentos da Secretaria Municipal &hellip;<\/p>\n","protected":false},"author":1,"featured_media":10271,"comment_status":"open","ping_status":"open","sticky":false,"template":"","format":"standard","meta":{"_jetpack_newsletter_access":"","_jetpack_dont_email_post_to_subs":false,"_jetpack_newsletter_tier_id":0,"_jetpack_memberships_contains_paywalled_content":false,"_jetpack_memberships_contains_paid_content":false,"footnotes":""},"categories":[1],"tags":[],"class_list":["post-10270","post","type-post","status-publish","format-standard","has-post-thumbnail","hentry","category-destaque"],"jetpack_sharing_enabled":true,"jetpack_featured_media_url":"","_links":{"self":[{"href":"https:\/\/www.oparanews.com.br\/index.php\/wp-json\/wp\/v2\/posts\/10270","targetHints":{"allow":["GET"]}}],"collection":[{"href":"https:\/\/www.oparanews.com.br\/index.php\/wp-json\/wp\/v2\/posts"}],"about":[{"href":"https:\/\/www.oparanews.com.br\/index.php\/wp-json\/wp\/v2\/types\/post"}],"author":[{"embeddable":true,"href":"https:\/\/www.oparanews.com.br\/index.php\/wp-json\/wp\/v2\/users\/1"}],"replies":[{"embeddable":true,"href":"https:\/\/www.oparanews.com.br\/index.php\/wp-json\/wp\/v2\/comments?post=10270"}],"version-history":[{"count":0,"href":"https:\/\/www.oparanews.com.br\/index.php\/wp-json\/wp\/v2\/posts\/10270\/revisions"}],"wp:attachment":[{"href":"https:\/\/www.oparanews.com.br\/index.php\/wp-json\/wp\/v2\/media?parent=10270"}],"wp:term":[{"taxonomy":"category","embeddable":true,"href":"https:\/\/www.oparanews.com.br\/index.php\/wp-json\/wp\/v2\/categories?post=10270"},{"taxonomy":"post_tag","embeddable":true,"href":"https:\/\/www.oparanews.com.br\/index.php\/wp-json\/wp\/v2\/tags?post=10270"}],"curies":[{"name":"wp","href":"https:\/\/api.w.org\/{rel}","templated":true}]}}