{"id":10283,"date":"2020-10-25T00:57:02","date_gmt":"2020-10-25T00:57:02","guid":{"rendered":"https:\/\/oparanews.com.br\/?p=10283"},"modified":"2020-10-25T00:57:02","modified_gmt":"2020-10-25T00:57:02","slug":"taxa-de-desemprego-em-alagoas-sobe-e-chega-a-166-no-mes-de-setembro-segundo-ibge","status":"publish","type":"post","link":"https:\/\/www.oparanews.com.br\/index.php\/2020\/10\/25\/taxa-de-desemprego-em-alagoas-sobe-e-chega-a-166-no-mes-de-setembro-segundo-ibge\/","title":{"rendered":"Taxa de desemprego em Alagoas sobe e chega a 16,6% no m\u00eas de setembro, segundo IBGE"},"content":{"rendered":"<p>O Instituto Brasileiro de Geografia e Estat\u00edstica (IBGE) divulgou neste s\u00e1bado (24) mais um dado da pesquisa Pnad Covid19 Mensal. Desta vez sobre a taxa de desemprego em Alagoas. Segundo o Instituto houve aumento em Alagoas, passando de 16,4% em agosto para 16,6% em setembro, sendo esse percentual o maior desde o in\u00edcio da pesquisa.<\/p>\n<p>O primeiro m\u00eas da coleta dos dados foi em maio. Veja a evolu\u00e7\u00e3o:<\/p>\n<p>Maio &#8211; 12,7%<br \/>\nJunho &#8211; 15,3%<br \/>\nJulho &#8211; 15,7%<br \/>\nAgosto &#8211; 16,4%<br \/>\nSetembro &#8211; 16,6%<\/p>\n<p>Em maio eram 141 mil pessoas desocupadas em Alagoas. J\u00e1 em setembro o n\u00famero passou para de 186 mil. Ou seja, havia 45 mil pessoas a mais que procuraram efetivamente um trabalho, pressionando o mercado, mas n\u00e3o encontraram.<\/p>\n<p>A taxa de desemprego \u00e9 o percentual de pessoas desocupadas em rela\u00e7\u00e3o \u00e0s pessoas que est\u00e3o na for\u00e7a de trabalho, sendo essa categoria a soma do n\u00famero de pessoas ocupadas e desocupadas em determinada popula\u00e7\u00e3o.<\/p>\n<p>O IBGE considera pessoas desocupadas as que est\u00e3o sem trabalho que estavam dispon\u00edveis e tomaram alguma provid\u00eancia efetiva para consegui-lo, ou seja, pressionaram ativamente o mercado. Tamb\u00e9m s\u00e3o consideradas desocupadas as pessoas que j\u00e1 haviam conseguido trabalho e iriam inici\u00e1-lo ap\u00f3s a semana de refer\u00eancia da entrevista.<\/p>\n<p>Popula\u00e7\u00e3o ocupada<\/p>\n<p>J\u00e1 a estimativa da popula\u00e7\u00e3o ocupada em Alagoas para o m\u00eas de setembro foi de 937 mil pessoas, o que representa aumento de 1% em rela\u00e7\u00e3o a agosto e com retra\u00e7\u00e3o de 3,3% em rela\u00e7\u00e3o a maio.<\/p>\n<p>Com esses resultados, a for\u00e7a de trabalho em Alagoas passou de 1,11 milh\u00e3o, em maio, para 1,12 milh\u00e3o em setembro.<\/p>\n<p>Afastamento por causa da Covid-19<\/p>\n<p>A pesquisa Pnad Covid19 mostrou tamb\u00e9m que caiu o n\u00famero de pessoas ocupadas e afastadas do trabalho por causa do distanciamento social<\/p>\n<p>Em setembro esse grupo era de 54 mil pessoas, a quarta queda consecutiva. No m\u00eas de maio, eram 217 mil pessoas nessa situa\u00e7\u00e3o.<\/p>\n<p>&nbsp;<\/p>\n<p><strong>Fonte: G1\/AL<\/strong><\/p>\n<p>&nbsp;<\/p>\n","protected":false},"excerpt":{"rendered":"<p>O Instituto Brasileiro de Geografia e Estat\u00edstica (IBGE) divulgou neste s\u00e1bado (24) mais um dado da pesquisa Pnad Covid19 Mensal. Desta vez sobre a taxa de desemprego em Alagoas. Segundo o Instituto houve aumento em Alagoas, passando de 16,4% em agosto para 16,6% em setembro, sendo esse percentual o maior desde o in\u00edcio da pesquisa. &hellip;<\/p>\n","protected":false},"author":1,"featured_media":10284,"comment_status":"open","ping_status":"open","sticky":false,"template":"","format":"standard","meta":{"_jetpack_newsletter_access":"","_jetpack_dont_email_post_to_subs":false,"_jetpack_newsletter_tier_id":0,"_jetpack_memberships_contains_paywalled_content":false,"_jetpack_memberships_contains_paid_content":false,"footnotes":""},"categories":[1],"tags":[],"class_list":["post-10283","post","type-post","status-publish","format-standard","has-post-thumbnail","hentry","category-destaque"],"jetpack_sharing_enabled":true,"jetpack_featured_media_url":"","_links":{"self":[{"href":"https:\/\/www.oparanews.com.br\/index.php\/wp-json\/wp\/v2\/posts\/10283","targetHints":{"allow":["GET"]}}],"collection":[{"href":"https:\/\/www.oparanews.com.br\/index.php\/wp-json\/wp\/v2\/posts"}],"about":[{"href":"https:\/\/www.oparanews.com.br\/index.php\/wp-json\/wp\/v2\/types\/post"}],"author":[{"embeddable":true,"href":"https:\/\/www.oparanews.com.br\/index.php\/wp-json\/wp\/v2\/users\/1"}],"replies":[{"embeddable":true,"href":"https:\/\/www.oparanews.com.br\/index.php\/wp-json\/wp\/v2\/comments?post=10283"}],"version-history":[{"count":0,"href":"https:\/\/www.oparanews.com.br\/index.php\/wp-json\/wp\/v2\/posts\/10283\/revisions"}],"wp:attachment":[{"href":"https:\/\/www.oparanews.com.br\/index.php\/wp-json\/wp\/v2\/media?parent=10283"}],"wp:term":[{"taxonomy":"category","embeddable":true,"href":"https:\/\/www.oparanews.com.br\/index.php\/wp-json\/wp\/v2\/categories?post=10283"},{"taxonomy":"post_tag","embeddable":true,"href":"https:\/\/www.oparanews.com.br\/index.php\/wp-json\/wp\/v2\/tags?post=10283"}],"curies":[{"name":"wp","href":"https:\/\/api.w.org\/{rel}","templated":true}]}}