{"id":10286,"date":"2020-10-25T00:59:07","date_gmt":"2020-10-25T00:59:07","guid":{"rendered":"https:\/\/oparanews.com.br\/?p=10286"},"modified":"2020-10-25T00:59:07","modified_gmt":"2020-10-25T00:59:07","slug":"brasil-tem-432-novas-mortes-por-covid-19-nas-ultimas-24h","status":"publish","type":"post","link":"https:\/\/www.oparanews.com.br\/index.php\/2020\/10\/25\/brasil-tem-432-novas-mortes-por-covid-19-nas-ultimas-24h\/","title":{"rendered":"Brasil tem 432 novas mortes por covid-19 nas \u00faltimas 24h"},"content":{"rendered":"<p>O Brasil registrou neste s\u00e1bado 432 novas mortes por Covid-19, e o total de \u00f3bitos causados pela doen\u00e7a provocada pelo coronav\u00edrus no pa\u00eds \u00e9 agora de 156.903, informou o Minist\u00e9rio da Sa\u00fade.<\/p>\n<p>O pa\u00eds registrou tamb\u00e9m 26.979 novas infec\u00e7\u00f5es pela doen\u00e7a, o que leva o total de casos confirmados para 5.380.635, de acordo com os dados divulgados pela pasta.<\/p>\n<p>A m\u00e9dia m\u00f3vel de mortes por covid-19 no Brasil ficou em 462 neste s\u00e1bado, 24, de acordo com dados reunidos pelo cons\u00f3rcio de ve\u00edculos de comunica\u00e7\u00e3o. O n\u00famero elimina distor\u00e7\u00f5es e registra com mais precis\u00e3o as oscila\u00e7\u00f5es dos \u00faltimos sete dias.<\/p>\n<p>O cons\u00f3rcio, formado por Estad\u00e3o, G1, O Globo, Extra, Folha e UOL, computou 398 novos \u00f3bitos e 25.574 novos casos nas \u00faltimas 24 horas no Pa\u00eds. O balan\u00e7o \u00e9 feito a partir de dados divulgados pelas secretarias estaduais de Sa\u00fade.<\/p>\n<p>No total, o Brasil chegou a 156.926 mortes e 5.381.224 casos confirmados de covid-19, segundo o cons\u00f3rcio dos ve\u00edculos de imprensa. De acordo com o balan\u00e7o do Minist\u00e9rio da Sa\u00fade, o Pa\u00eds tem 4.817.898 recuperados da doen\u00e7a, enquanto outros 405.834 seguem em acompanhamento m\u00e9dico.<\/p>\n<p>O Brasil \u00e9 o segundo pa\u00eds do mundo com maior n\u00famero de mortes provocadas pela Covid-19, atr\u00e1s apenas dos Estados Unidos, onde mais de 224 mil pessoas morreram por causa da doen\u00e7a.<\/p>\n<p>J\u00e1 quanto ao n\u00famero de casos, o Brasil ocupa a terceira posi\u00e7\u00e3o no ranking, atr\u00e1s dos EUA, com mais de 8,5 milh\u00f5es de infec\u00e7\u00f5es, e da \u00cdndia, onde 7,8 milh\u00f5es de casos de Covid-19 j\u00e1 foram registrados.<\/p>\n<p>Estado brasileiro mais afetado pela Covid-19, S\u00e3o Paulo chegou neste s\u00e1bado \u00e0s marcas de 1.089.255 casos e 38.726 mortes.<\/p>\n<p>O segundo Estado com maior n\u00famero de \u00f3bitos causados pela Covid-19, de acordo com os dados do minist\u00e9rio, \u00e9 o Rio de Janeiro, que registrou at\u00e9 este momento 20.171 mortes, com 298.823 casos.<\/p>\n<p>&nbsp;<\/p>\n<p><strong>Fonte: Terra<\/strong><\/p>\n<p>&nbsp;<\/p>\n","protected":false},"excerpt":{"rendered":"<p>O Brasil registrou neste s\u00e1bado 432 novas mortes por Covid-19, e o total de \u00f3bitos causados pela doen\u00e7a provocada pelo coronav\u00edrus no pa\u00eds \u00e9 agora de 156.903, informou o Minist\u00e9rio da Sa\u00fade. O pa\u00eds registrou tamb\u00e9m 26.979 novas infec\u00e7\u00f5es pela doen\u00e7a, o que leva o total de casos confirmados para 5.380.635, de acordo com os &hellip;<\/p>\n","protected":false},"author":1,"featured_media":10287,"comment_status":"open","ping_status":"open","sticky":false,"template":"","format":"standard","meta":{"_jetpack_newsletter_access":"","_jetpack_dont_email_post_to_subs":false,"_jetpack_newsletter_tier_id":0,"_jetpack_memberships_contains_paywalled_content":false,"_jetpack_memberships_contains_paid_content":false,"footnotes":""},"categories":[1],"tags":[],"class_list":["post-10286","post","type-post","status-publish","format-standard","has-post-thumbnail","hentry","category-destaque"],"jetpack_sharing_enabled":true,"jetpack_featured_media_url":"","_links":{"self":[{"href":"https:\/\/www.oparanews.com.br\/index.php\/wp-json\/wp\/v2\/posts\/10286","targetHints":{"allow":["GET"]}}],"collection":[{"href":"https:\/\/www.oparanews.com.br\/index.php\/wp-json\/wp\/v2\/posts"}],"about":[{"href":"https:\/\/www.oparanews.com.br\/index.php\/wp-json\/wp\/v2\/types\/post"}],"author":[{"embeddable":true,"href":"https:\/\/www.oparanews.com.br\/index.php\/wp-json\/wp\/v2\/users\/1"}],"replies":[{"embeddable":true,"href":"https:\/\/www.oparanews.com.br\/index.php\/wp-json\/wp\/v2\/comments?post=10286"}],"version-history":[{"count":0,"href":"https:\/\/www.oparanews.com.br\/index.php\/wp-json\/wp\/v2\/posts\/10286\/revisions"}],"wp:attachment":[{"href":"https:\/\/www.oparanews.com.br\/index.php\/wp-json\/wp\/v2\/media?parent=10286"}],"wp:term":[{"taxonomy":"category","embeddable":true,"href":"https:\/\/www.oparanews.com.br\/index.php\/wp-json\/wp\/v2\/categories?post=10286"},{"taxonomy":"post_tag","embeddable":true,"href":"https:\/\/www.oparanews.com.br\/index.php\/wp-json\/wp\/v2\/tags?post=10286"}],"curies":[{"name":"wp","href":"https:\/\/api.w.org\/{rel}","templated":true}]}}