{"id":10289,"date":"2020-10-25T19:13:46","date_gmt":"2020-10-25T19:13:46","guid":{"rendered":"https:\/\/oparanews.com.br\/?p=10289"},"modified":"2020-10-25T19:13:46","modified_gmt":"2020-10-25T19:13:46","slug":"alagoas-confirma-53-novos-casos-e-cinco-mortes-por-covid-19-em-24h","status":"publish","type":"post","link":"https:\/\/www.oparanews.com.br\/index.php\/2020\/10\/25\/alagoas-confirma-53-novos-casos-e-cinco-mortes-por-covid-19-em-24h\/","title":{"rendered":"Alagoas confirma 53 novos casos e cinco mortes por Covid-19 em 24h"},"content":{"rendered":"<p>Alagoas registrou mais 53 novos casos e mais cinco mortes por Covid-19 nas \u00faltimas 24 horas, segundo o boletim epidemiol\u00f3gico da Secretaria de Estado de Sa\u00fade (Sesau) deste domingo (25).<\/p>\n<p>No total, o estado registrou 90.177 casos e 2.211 \u00f3bitos por Covid-19 desde o in\u00edcio da pandemia.<\/p>\n<p>O total de casos suspeitos \u00e9 2.832. Dos pacientes que tiveram a confirma\u00e7\u00e3o da doen\u00e7a, 87.181 est\u00e3o recuperados.<\/p>\n<p>Das cinco mortes registradas, uma era de paciente que morava em Macei\u00f3. As outras quatro, de pacientes do interior.<\/p>\n<p>Leitos de Covid-19<\/p>\n<p>O \u00faltimo boletim de leitos exclusivos para Covid-19 foi atualizado \u00e0s 17h do s\u00e1bado (24), quando a taxa de ocupa\u00e7\u00e3o estava em 22%. Considerando apenas os leitos de UTI, a ocupa\u00e7\u00e3o era de 35%.<\/p>\n<p>Mais cinco mortes por Covid-19<\/p>\n<p>Macei\u00f3: homem, 75 anos \u2013 hipertenso<br \/>\nDelmiro Gouveia: homem, 78 anos \u2013 diab\u00e9tico<br \/>\nGirau do Ponciano: homem, 53 anos \u2013 diab\u00e9tico<br \/>\nParipueira: homem, 83 anos \u2013 sem comorbidades<br \/>\nUni\u00e3o dos Palmares: homem, 54 anos \u2013 diab\u00e9tico, problema renal cr\u00f4nico, doen\u00e7a neurol\u00f3gica cr\u00f4nica<\/p>\n<p>&nbsp;<\/p>\n<p><strong>Fonte: G1\/AL<\/strong><\/p>\n<p>&nbsp;<\/p>\n","protected":false},"excerpt":{"rendered":"<p>Alagoas registrou mais 53 novos casos e mais cinco mortes por Covid-19 nas \u00faltimas 24 horas, segundo o boletim epidemiol\u00f3gico da Secretaria de Estado de Sa\u00fade (Sesau) deste domingo (25). No total, o estado registrou 90.177 casos e 2.211 \u00f3bitos por Covid-19 desde o in\u00edcio da pandemia. O total de casos suspeitos \u00e9 2.832. Dos &hellip;<\/p>\n","protected":false},"author":1,"featured_media":6278,"comment_status":"open","ping_status":"open","sticky":false,"template":"","format":"standard","meta":{"_jetpack_newsletter_access":"","_jetpack_dont_email_post_to_subs":false,"_jetpack_newsletter_tier_id":0,"_jetpack_memberships_contains_paywalled_content":false,"_jetpack_memberships_contains_paid_content":false,"footnotes":""},"categories":[1],"tags":[],"class_list":["post-10289","post","type-post","status-publish","format-standard","has-post-thumbnail","hentry","category-destaque"],"jetpack_sharing_enabled":true,"jetpack_featured_media_url":"","_links":{"self":[{"href":"https:\/\/www.oparanews.com.br\/index.php\/wp-json\/wp\/v2\/posts\/10289","targetHints":{"allow":["GET"]}}],"collection":[{"href":"https:\/\/www.oparanews.com.br\/index.php\/wp-json\/wp\/v2\/posts"}],"about":[{"href":"https:\/\/www.oparanews.com.br\/index.php\/wp-json\/wp\/v2\/types\/post"}],"author":[{"embeddable":true,"href":"https:\/\/www.oparanews.com.br\/index.php\/wp-json\/wp\/v2\/users\/1"}],"replies":[{"embeddable":true,"href":"https:\/\/www.oparanews.com.br\/index.php\/wp-json\/wp\/v2\/comments?post=10289"}],"version-history":[{"count":0,"href":"https:\/\/www.oparanews.com.br\/index.php\/wp-json\/wp\/v2\/posts\/10289\/revisions"}],"wp:attachment":[{"href":"https:\/\/www.oparanews.com.br\/index.php\/wp-json\/wp\/v2\/media?parent=10289"}],"wp:term":[{"taxonomy":"category","embeddable":true,"href":"https:\/\/www.oparanews.com.br\/index.php\/wp-json\/wp\/v2\/categories?post=10289"},{"taxonomy":"post_tag","embeddable":true,"href":"https:\/\/www.oparanews.com.br\/index.php\/wp-json\/wp\/v2\/tags?post=10289"}],"curies":[{"name":"wp","href":"https:\/\/api.w.org\/{rel}","templated":true}]}}