{"id":10299,"date":"2020-10-26T17:02:02","date_gmt":"2020-10-26T17:02:02","guid":{"rendered":"https:\/\/oparanews.com.br\/?p=10299"},"modified":"2020-10-26T17:02:02","modified_gmt":"2020-10-26T17:02:02","slug":"protocolo-para-volta-as-aulas-presenciais-e-publicado-pelo-governo-de-alagoas","status":"publish","type":"post","link":"https:\/\/www.oparanews.com.br\/index.php\/2020\/10\/26\/protocolo-para-volta-as-aulas-presenciais-e-publicado-pelo-governo-de-alagoas\/","title":{"rendered":"Protocolo para volta \u00e0s aulas presenciais \u00e9 publicado pelo governo de Alagoas"},"content":{"rendered":"<p>Foi publicado no Di\u00e1rio Oficial do Estado (DOE) desta segunda-feira (26) o protocolo de orienta\u00e7\u00e3o \u00e0 gest\u00e3o escolar sobre o retorno \u00e0s aulas presenciais em Alagoas. A medida tem como objetivo garantir seguran\u00e7a sanit\u00e1ria para evitar a dissemina\u00e7\u00e3o da Covid-19 (confira ao final do texto os principais pontos).<\/p>\n<p>As atividades presenciais na educa\u00e7\u00e3o est\u00e3o suspensas desde mar\u00e7o, como medida de preven\u00e7\u00e3o ao cont\u00e1gio pelo novo coronav\u00edrus. A volta \u00e0s aulas para os adultos j\u00e1 pode ocorrer a partir desta segunda. N\u00e3o h\u00e1 data, por\u00e9m, para o retorno das aulas presenciais de crian\u00e7as e adolescentes.<\/p>\n<p>De acordo com a publica\u00e7\u00e3o, o protocolo de orienta\u00e7\u00e3o deve servir como par\u00e2metro a ser adaptado de acordo com a realidade de cada institui\u00e7\u00e3o escolar, visando garantir a condi\u00e7\u00e3o de seguran\u00e7a para o conv\u00edvio coletivo.<\/p>\n<p>O plano dever\u00e1 ser composto por tr\u00eas etapas: contemplando a prepara\u00e7\u00e3o da equipe para o retorno, defini\u00e7\u00e3o da nova rotina no ambiente escolar e monitoramento constante das a\u00e7\u00f5es de preven\u00e7\u00e3o e combate \u00e0 Covid-19.<\/p>\n<p>Veja alguns dos pontos do protocolo sanit\u00e1rio para o retorno das aulas:<\/p>\n<p>* A equipe escolar deve ser orientada sobre a import\u00e2ncia do envolvimento de todos nesse processo, de modo que esteja preparada para lidar com o processo de acolhimento dos estudantes e servidores.<br \/>\n* Os estudantes e servidores devem ser orientados, ainda de forma remota, sobre o cuidado e o manuseio das m\u00e1scaras de tecido.<br \/>\n* Deve ser garantido o distanciamento m\u00ednimo de 1,5 m entre as pessoas.<br \/>\n* Espa\u00e7os de conv\u00edvio coletivo devem ser sinalizados, bem como as \u00e1reas que n\u00e3o poder\u00e3o ser utilizadas.<br \/>\n* A temperatura dos estudantes, bem como dos servidores, deve ser aferida diariamente. Os estudantes que fazem o uso do transporte escolar tamb\u00e9m devem aferir a temperatura antes de ao entrarem nos ve\u00edculos.<br \/>\n* Manter o ambiente limpo e arejado, com janelas abertas.<br \/>\n* Utilizar produtos sanitizantes e desinfetantes de uso geral com a\u00e7\u00e3o v\u00edrus-cida aprovados pela ANVISA para o combate do novo Coronav\u00edrus, como, \u00e1lcool 70%, hipoclorito de s\u00f3dio, na concentra\u00e7\u00e3o 1%, quatern\u00e1rios de am\u00f4nio, o cloreto de benzalc\u00f4nio.<br \/>\n* Os cal\u00e7ados dever sem higienizados ao entrar na escola.<br \/>\n* Estabelecer hor\u00e1rios de entrada e sa\u00edda dos estudantes de forma que possibilite o respeito ao distanciamento de 1,5m entre as pessoas.<br \/>\n* Disponibilizar dispenser com \u00e1lcool em gel em todos os ambientes da escola.<br \/>\n* Disponibilizar lixeiras com tampas com acionamento por pedal em locais estrat\u00e9gicos.<br \/>\n* Instalar prote\u00e7\u00e3o de acr\u00edlico que separe o funcion\u00e1rio do p\u00fablico que est\u00e1 sendo atendido.<br \/>\n* Utilizar o refeit\u00f3rio apenas para oferta de almo\u00e7o nas escolas de ensino integral.<\/p>\n<p>&nbsp;<\/p>\n<p><strong>Fonte: G1\/AL<\/strong><\/p>\n<p>&nbsp;<\/p>\n","protected":false},"excerpt":{"rendered":"<p>Foi publicado no Di\u00e1rio Oficial do Estado (DOE) desta segunda-feira (26) o protocolo de orienta\u00e7\u00e3o \u00e0 gest\u00e3o escolar sobre o retorno \u00e0s aulas presenciais em Alagoas. A medida tem como objetivo garantir seguran\u00e7a sanit\u00e1ria para evitar a dissemina\u00e7\u00e3o da Covid-19 (confira ao final do texto os principais pontos). As atividades presenciais na educa\u00e7\u00e3o est\u00e3o suspensas &hellip;<\/p>\n","protected":false},"author":1,"featured_media":10300,"comment_status":"open","ping_status":"open","sticky":false,"template":"","format":"standard","meta":{"_jetpack_newsletter_access":"","_jetpack_dont_email_post_to_subs":false,"_jetpack_newsletter_tier_id":0,"_jetpack_memberships_contains_paywalled_content":false,"_jetpack_memberships_contains_paid_content":false,"footnotes":""},"categories":[1],"tags":[],"class_list":["post-10299","post","type-post","status-publish","format-standard","has-post-thumbnail","hentry","category-destaque"],"jetpack_sharing_enabled":true,"jetpack_featured_media_url":"","_links":{"self":[{"href":"https:\/\/www.oparanews.com.br\/index.php\/wp-json\/wp\/v2\/posts\/10299","targetHints":{"allow":["GET"]}}],"collection":[{"href":"https:\/\/www.oparanews.com.br\/index.php\/wp-json\/wp\/v2\/posts"}],"about":[{"href":"https:\/\/www.oparanews.com.br\/index.php\/wp-json\/wp\/v2\/types\/post"}],"author":[{"embeddable":true,"href":"https:\/\/www.oparanews.com.br\/index.php\/wp-json\/wp\/v2\/users\/1"}],"replies":[{"embeddable":true,"href":"https:\/\/www.oparanews.com.br\/index.php\/wp-json\/wp\/v2\/comments?post=10299"}],"version-history":[{"count":0,"href":"https:\/\/www.oparanews.com.br\/index.php\/wp-json\/wp\/v2\/posts\/10299\/revisions"}],"wp:attachment":[{"href":"https:\/\/www.oparanews.com.br\/index.php\/wp-json\/wp\/v2\/media?parent=10299"}],"wp:term":[{"taxonomy":"category","embeddable":true,"href":"https:\/\/www.oparanews.com.br\/index.php\/wp-json\/wp\/v2\/categories?post=10299"},{"taxonomy":"post_tag","embeddable":true,"href":"https:\/\/www.oparanews.com.br\/index.php\/wp-json\/wp\/v2\/tags?post=10299"}],"curies":[{"name":"wp","href":"https:\/\/api.w.org\/{rel}","templated":true}]}}