{"id":10305,"date":"2020-10-26T19:20:53","date_gmt":"2020-10-26T19:20:53","guid":{"rendered":"https:\/\/oparanews.com.br\/?p=10305"},"modified":"2020-10-26T19:20:53","modified_gmt":"2020-10-26T19:20:53","slug":"alagoas-confirma-77-novos-casos-e-mais-cinco-mortes-por-covid-19","status":"publish","type":"post","link":"https:\/\/www.oparanews.com.br\/index.php\/2020\/10\/26\/alagoas-confirma-77-novos-casos-e-mais-cinco-mortes-por-covid-19\/","title":{"rendered":"Alagoas confirma 77 novos casos e mais cinco mortes por Covid-19"},"content":{"rendered":"<p>Alagoas confirmou 77 novos casos e mais cinco mortes por Covid-19, segundo o boletim epidemiol\u00f3gico divulgado nesta segunda-feira (26) pela Secretaria de Estado da Sa\u00fade (Sesau).<\/p>\n<p>Desde o in\u00edcio da pandemia, o estado registrou 90.254 casos e 2.216 \u00f3bitos de pessoas que foram infectadas pelo novo coronav\u00edrus.<\/p>\n<p>H\u00e1 2.775 casos suspeitos. Outros 87.336 pacientes est\u00e3o recuperados da doen\u00e7a.<\/p>\n<p>Na noite do domingo (25), a taxa de ocupa\u00e7\u00e3o de leitos de Covid-19 estava em 22%. Considerando apenas os leitos de UTI, o percentual era de 35%.<\/p>\n<p>Mais cinco mortes por Covid-19<\/p>\n<p>Macei\u00f3: Mulher, 90 anos \u2013 cardiopata<br \/>\nMaragogi: Homem, 63 anos \u2013 hipertenso e elitista cr\u00f4nico<br \/>\nPorto Calvo: Homem, 65 anos \u2013 diab\u00e9tico e doen\u00e7a vascular<br \/>\nCapela: Homem, 85 anos \u2013 sem comorbidades<br \/>\nTanque d\u2019Arca : Homem, 61 anos \u2013 sem comorbidades<\/p>\n<p>&nbsp;<\/p>\n<p><strong>Fonte: G1\/AL<\/strong><\/p>\n<p>&nbsp;<\/p>\n","protected":false},"excerpt":{"rendered":"<p>Alagoas confirmou 77 novos casos e mais cinco mortes por Covid-19, segundo o boletim epidemiol\u00f3gico divulgado nesta segunda-feira (26) pela Secretaria de Estado da Sa\u00fade (Sesau). Desde o in\u00edcio da pandemia, o estado registrou 90.254 casos e 2.216 \u00f3bitos de pessoas que foram infectadas pelo novo coronav\u00edrus. H\u00e1 2.775 casos suspeitos. Outros 87.336 pacientes est\u00e3o &hellip;<\/p>\n","protected":false},"author":1,"featured_media":5273,"comment_status":"open","ping_status":"open","sticky":false,"template":"","format":"standard","meta":{"_jetpack_newsletter_access":"","_jetpack_dont_email_post_to_subs":false,"_jetpack_newsletter_tier_id":0,"_jetpack_memberships_contains_paywalled_content":false,"_jetpack_memberships_contains_paid_content":false,"footnotes":""},"categories":[1],"tags":[],"class_list":["post-10305","post","type-post","status-publish","format-standard","has-post-thumbnail","hentry","category-destaque"],"jetpack_sharing_enabled":true,"jetpack_featured_media_url":"","_links":{"self":[{"href":"https:\/\/www.oparanews.com.br\/index.php\/wp-json\/wp\/v2\/posts\/10305","targetHints":{"allow":["GET"]}}],"collection":[{"href":"https:\/\/www.oparanews.com.br\/index.php\/wp-json\/wp\/v2\/posts"}],"about":[{"href":"https:\/\/www.oparanews.com.br\/index.php\/wp-json\/wp\/v2\/types\/post"}],"author":[{"embeddable":true,"href":"https:\/\/www.oparanews.com.br\/index.php\/wp-json\/wp\/v2\/users\/1"}],"replies":[{"embeddable":true,"href":"https:\/\/www.oparanews.com.br\/index.php\/wp-json\/wp\/v2\/comments?post=10305"}],"version-history":[{"count":0,"href":"https:\/\/www.oparanews.com.br\/index.php\/wp-json\/wp\/v2\/posts\/10305\/revisions"}],"wp:attachment":[{"href":"https:\/\/www.oparanews.com.br\/index.php\/wp-json\/wp\/v2\/media?parent=10305"}],"wp:term":[{"taxonomy":"category","embeddable":true,"href":"https:\/\/www.oparanews.com.br\/index.php\/wp-json\/wp\/v2\/categories?post=10305"},{"taxonomy":"post_tag","embeddable":true,"href":"https:\/\/www.oparanews.com.br\/index.php\/wp-json\/wp\/v2\/tags?post=10305"}],"curies":[{"name":"wp","href":"https:\/\/api.w.org\/{rel}","templated":true}]}}