{"id":10334,"date":"2020-10-28T12:55:02","date_gmt":"2020-10-28T12:55:02","guid":{"rendered":"https:\/\/oparanews.com.br\/?p=10334"},"modified":"2020-10-28T12:55:02","modified_gmt":"2020-10-28T12:55:02","slug":"vasco-anuncia-a-contratacao-de-leo-matos","status":"publish","type":"post","link":"https:\/\/www.oparanews.com.br\/index.php\/2020\/10\/28\/vasco-anuncia-a-contratacao-de-leo-matos\/","title":{"rendered":"Vasco anuncia a contrata\u00e7\u00e3o de L\u00e9o Matos"},"content":{"rendered":"<p>Em busca de refor\u00e7os para a sequ\u00eancia da temporada, o Vasco anunciou oficialmente a contrata\u00e7\u00e3o do lateral-direito L\u00e9o Matos nesta ter\u00e7a. O jogador, de 34 anos, estava no PAOK, da Gr\u00e9cia, e assina contrato com o Gigante da Colina at\u00e9 dezembro de 2021. Ele n\u00e3o poder\u00e1 estrear contra o Caracas, j\u00e1 que o clube divulgou a lista de inscritos para a Sul-Americana no \u00faltimo domingo.<\/p>\n<p>Revelado pelo Flamengo, L\u00e9o fez pouco sucesso no Brasil, mas construiu carreira na Ucr\u00e2nia e estava \u00e0 beira do Mar Mediterr\u00e2neo h\u00e1 cinco anos. Ele estava no clube grego desde 2016 e na \u00faltima temporada disputou 35 partidas e marcou cinco gols. Na atual, jogou em apenas tr\u00eas partidas.<\/p>\n<p>O atleta chega com vasta experi\u00eancia ap\u00f3s 10 anos na Europa. No Velho Continente, al\u00e9m do PAOK, ele defendeu as cores de clubes como Olympique de Marselha, da Fran\u00e7a, e os ucranianos Choronomorets e Dnipro. No Brasil, ainda passou por clubes como Tombense, Figueirense, Paran\u00e1 e Vila Nova.<\/p>\n<p>Ele chega para posi\u00e7\u00e3o carente. O mais experiente, Yago Pikachu, foi barrado recentemente por Cayo Ten\u00f3rio. Este, por\u00e9m, falhou no jogo contra o Corinthians no lance que resultou no primeiro gol do time paulista, na \u00faltima quarta-feira. Claudio Winck fora liberado h\u00e1 pouco mais de um m\u00eas.<\/p>\n<p>&nbsp;<\/p>\n<p><strong>Fonte: GE<\/strong><\/p>\n<p>&nbsp;<\/p>\n","protected":false},"excerpt":{"rendered":"<p>Em busca de refor\u00e7os para a sequ\u00eancia da temporada, o Vasco anunciou oficialmente a contrata\u00e7\u00e3o do lateral-direito L\u00e9o Matos nesta ter\u00e7a. O jogador, de 34 anos, estava no PAOK, da Gr\u00e9cia, e assina contrato com o Gigante da Colina at\u00e9 dezembro de 2021. Ele n\u00e3o poder\u00e1 estrear contra o Caracas, j\u00e1 que o clube divulgou &hellip;<\/p>\n","protected":false},"author":1,"featured_media":10335,"comment_status":"open","ping_status":"open","sticky":false,"template":"","format":"standard","meta":{"_jetpack_newsletter_access":"","_jetpack_dont_email_post_to_subs":false,"_jetpack_newsletter_tier_id":0,"_jetpack_memberships_contains_paywalled_content":false,"_jetpack_memberships_contains_paid_content":false,"footnotes":""},"categories":[1],"tags":[],"class_list":["post-10334","post","type-post","status-publish","format-standard","has-post-thumbnail","hentry","category-destaque"],"jetpack_sharing_enabled":true,"jetpack_featured_media_url":"","_links":{"self":[{"href":"https:\/\/www.oparanews.com.br\/index.php\/wp-json\/wp\/v2\/posts\/10334","targetHints":{"allow":["GET"]}}],"collection":[{"href":"https:\/\/www.oparanews.com.br\/index.php\/wp-json\/wp\/v2\/posts"}],"about":[{"href":"https:\/\/www.oparanews.com.br\/index.php\/wp-json\/wp\/v2\/types\/post"}],"author":[{"embeddable":true,"href":"https:\/\/www.oparanews.com.br\/index.php\/wp-json\/wp\/v2\/users\/1"}],"replies":[{"embeddable":true,"href":"https:\/\/www.oparanews.com.br\/index.php\/wp-json\/wp\/v2\/comments?post=10334"}],"version-history":[{"count":0,"href":"https:\/\/www.oparanews.com.br\/index.php\/wp-json\/wp\/v2\/posts\/10334\/revisions"}],"wp:attachment":[{"href":"https:\/\/www.oparanews.com.br\/index.php\/wp-json\/wp\/v2\/media?parent=10334"}],"wp:term":[{"taxonomy":"category","embeddable":true,"href":"https:\/\/www.oparanews.com.br\/index.php\/wp-json\/wp\/v2\/categories?post=10334"},{"taxonomy":"post_tag","embeddable":true,"href":"https:\/\/www.oparanews.com.br\/index.php\/wp-json\/wp\/v2\/tags?post=10334"}],"curies":[{"name":"wp","href":"https:\/\/api.w.org\/{rel}","templated":true}]}}