{"id":10340,"date":"2020-10-28T12:59:49","date_gmt":"2020-10-28T12:59:49","guid":{"rendered":"https:\/\/oparanews.com.br\/?p=10340"},"modified":"2020-10-28T12:59:49","modified_gmt":"2020-10-28T12:59:49","slug":"brasil-teve-375-medicos-mortos-por-covid-19-diz-cfm","status":"publish","type":"post","link":"https:\/\/www.oparanews.com.br\/index.php\/2020\/10\/28\/brasil-teve-375-medicos-mortos-por-covid-19-diz-cfm\/","title":{"rendered":"Brasil teve 375 m\u00e9dicos mortos por covid-19, diz CFM"},"content":{"rendered":"<p>Levantamento do Conselho Federal de Medicina (CFM) apontou que 375 m\u00e9dicos morreram v\u00edtimas de covid-19 desde o in\u00edcio da pandemia no Pa\u00eds. A entidade lan\u00e7ou ontem um memorial virtual para homenagear esses profissionais que morreram ap\u00f3s infec\u00e7\u00e3o.<\/p>\n<p>Os dados sobre as mortes dos m\u00e9dicos foram obtidos com base em informa\u00e7\u00f5es repassadas por Conselhos Regionais de Medicina, sindicatos m\u00e9dicos, sociedades de especialidades, secretarias estaduais e municipais de Sa\u00fade e casos divulgados pela imprensa. No Pa\u00eds, h\u00e1 523.528 registros ativos de m\u00e9dicos, de acordo com a entidade. Segundo o CFM, S\u00e3o Paulo foi o Estado que mais perdeu agentes para a covid-19 &#8211; 58 profissionais. Na sequ\u00eancia est\u00e3o Par\u00e1 (51) e Rio (50).<\/p>\n<p>&#8220;Estar na linha de frente desde o in\u00edcio de uma doen\u00e7a desconhecida e com um cont\u00e1gio altamente complexo. A nossa decis\u00e3o foi de fazer uma homenagem para aqueles que perdemos e para quem est\u00e1 na linha de frente, para os que est\u00e3o conseguindo enfrentar essa situa\u00e7\u00e3o&#8221;, diz Helena Carneiro Le\u00e3o, vice-corregedora do CFM. Segundo ela, o trabalho para levantar os \u00f3bitos teve in\u00edcio em maio e os dados foram relatados at\u00e9 a semana passada.<\/p>\n<p>A plataforma tem ainda uma galeria de fotos de m\u00e9dicos na linha de frente e um espa\u00e7o para que as pessoas mandem mensagens para os profissionais. O portal tamb\u00e9m tem uma \u00e1rea voltada para os m\u00e9dicos com documentos de refer\u00eancia, podcasts e reportagens sobre a covid-19.<\/p>\n<p>No balan\u00e7o at\u00e9 17 de outubro do Minist\u00e9rio da Sa\u00fade, foram registradas 69 mortes de m\u00e9dicos. A base do Minist\u00e9rio s\u00e3o casos notificados no Sivep-Gripe, que registra casos graves com interna\u00e7\u00e3o e \u00f3bitos por S\u00edndrome Respirat\u00f3ria Aguda Grave (SRAG). &#8220;Para garantir a prote\u00e7\u00e3o desses profissionais &#8211; que atuam na linha de frente no combate \u00e0 doen\u00e7a -, mais de 300 milh\u00f5es de equipamentos de prote\u00e7\u00e3o individual (EPIs) j\u00e1 foram distribu\u00eddos. S\u00e3o m\u00e1scaras, aventais, \u00f3culos e protetores faciais, toucas, sapatilhas, luvas e \u00e1lcool&#8221;, informou a pasta.<\/p>\n<p>Helena diz que tem ocorrido uma diminui\u00e7\u00e3o de casos graves e de \u00f3bitos ao longo dos meses, acompanhando a tend\u00eancia nacional, e isso tamb\u00e9m est\u00e1 ligado ao esfor\u00e7o dos m\u00e9dicos na luta contra a doen\u00e7a. &#8220;Temos de destacar a import\u00e2ncia do SUS e a condu\u00e7\u00e3o da aten\u00e7\u00e3o prim\u00e1ria. Os m\u00e9dicos de fam\u00edlia e comunidade se fizeram presentes para evitar que a popula\u00e7\u00e3o fosse para o hospital em um quadro mais grave.&#8221;<\/p>\n<p>Um dos primeiros m\u00e9dicos a morrer de covid-19 em Minas Gerais foi um cl\u00ednico-geral da cidade de Jequitinhonha, no Vale do Jequitinhonha, a 418 quil\u00f4metros de Belo Horizonte. Ramon Pinto Lobo, de 69 anos, tinha uma cl\u00ednica na cidade, era o m\u00e9dico de um dos postos de sa\u00fade do munic\u00edpio e fazia plant\u00e3o uma vez por semana no hospital local. O cl\u00ednico morreu em Nova Lima, na regi\u00e3o metropolitana da capital mineira, em 6 de maio, depois de passar por duas transfer\u00eancias hospitalares.<\/p>\n<p>O m\u00e9dico foi internado no in\u00edcio de abril na unidade em que trabalhava. &#8220;Chegou para trabalhar muito fraco, desorientado, com diarreia e vomitando. Ajudei a carreg\u00e1-lo. Ficou internado aqui por cerca de uma semana. Depois foi para Te\u00f3filo Otoni (cidade distante cerca de 450 km da capital)&#8221;, lembra um dos funcion\u00e1rios do hospital, Jackson Ribeiro Melo, de 32 anos.<\/p>\n<p>O m\u00e9dico n\u00e3o foi diagnosticado com covid-19 no hospital em Jequitinhonha. &#8220;Parece que o cont\u00e1gio foi em Te\u00f3filo Otoni&#8221;, ressalta o funcion\u00e1rio. Ramon tinha comorbidades.<\/p>\n<p>Boletim divulgado ontem pela prefeitura de Belo Horizonte aponta que 57 m\u00e9dicos do sistema de sa\u00fade da cidade contra\u00edram covid-19 desde o in\u00edcio da pandemia. O relat\u00f3rio n\u00e3o aponta n\u00famero de mortes entre os profissionais. A categoria mais atingida no munic\u00edpio, por\u00e9m, \u00e9 a de t\u00e9cnicos em enfermagem, com 216 casos.<\/p>\n<p>Subnotifica\u00e7\u00e3o<\/p>\n<p>O Sindicato dos M\u00e9dicos de S\u00e3o Paulo (Simesp) come\u00e7ou a compilar informa\u00e7\u00f5es sobre mortes de m\u00e9dicos em abril e relatou 273 casos. &#8220;A gente fez um levantamento artesanal, porque estava vendo falta de dados sobre os profissionais de sa\u00fade mortos, mas \u00e9 subnotificado. H\u00e1 falta de dados sobre isso. Pegamos not\u00edcias em todas as cidades do Pa\u00eds. Foi como contar gr\u00e3o a gr\u00e3o, m\u00e9dico a m\u00e9dico morto, para fazer uma homenagem&#8221;, relata Victor Dourado, presidente do Simesp.<\/p>\n<p>Ambos os levantamentos n\u00e3o t\u00eam informa\u00e7\u00f5es se os profissionais estavam atuando na linha de frente e se todos que morreram ainda estavam em atividade. &#8220;A maior parte est\u00e1 atuando, porque os m\u00e9dicos acabam se aposentando tarde. Mas estamos tentando buscar parcerias para uma sistematiza\u00e7\u00e3o maior desses dados para mostrar o impacto nos m\u00e9dicos com dados cient\u00edficos&#8221;, afirma Dourado. \/ COLABOROU LUDIMILA HONORATO<\/p>\n<p>&nbsp;<\/p>\n<p><strong>Fonte: Terra<\/strong><\/p>\n<p>&nbsp;<\/p>\n","protected":false},"excerpt":{"rendered":"<p>Levantamento do Conselho Federal de Medicina (CFM) apontou que 375 m\u00e9dicos morreram v\u00edtimas de covid-19 desde o in\u00edcio da pandemia no Pa\u00eds. A entidade lan\u00e7ou ontem um memorial virtual para homenagear esses profissionais que morreram ap\u00f3s infec\u00e7\u00e3o. Os dados sobre as mortes dos m\u00e9dicos foram obtidos com base em informa\u00e7\u00f5es repassadas por Conselhos Regionais de &hellip;<\/p>\n","protected":false},"author":1,"featured_media":10341,"comment_status":"open","ping_status":"open","sticky":false,"template":"","format":"standard","meta":{"_jetpack_newsletter_access":"","_jetpack_dont_email_post_to_subs":false,"_jetpack_newsletter_tier_id":0,"_jetpack_memberships_contains_paywalled_content":false,"_jetpack_memberships_contains_paid_content":false,"footnotes":""},"categories":[1],"tags":[],"class_list":["post-10340","post","type-post","status-publish","format-standard","has-post-thumbnail","hentry","category-destaque"],"jetpack_sharing_enabled":true,"jetpack_featured_media_url":"","_links":{"self":[{"href":"https:\/\/www.oparanews.com.br\/index.php\/wp-json\/wp\/v2\/posts\/10340","targetHints":{"allow":["GET"]}}],"collection":[{"href":"https:\/\/www.oparanews.com.br\/index.php\/wp-json\/wp\/v2\/posts"}],"about":[{"href":"https:\/\/www.oparanews.com.br\/index.php\/wp-json\/wp\/v2\/types\/post"}],"author":[{"embeddable":true,"href":"https:\/\/www.oparanews.com.br\/index.php\/wp-json\/wp\/v2\/users\/1"}],"replies":[{"embeddable":true,"href":"https:\/\/www.oparanews.com.br\/index.php\/wp-json\/wp\/v2\/comments?post=10340"}],"version-history":[{"count":0,"href":"https:\/\/www.oparanews.com.br\/index.php\/wp-json\/wp\/v2\/posts\/10340\/revisions"}],"wp:attachment":[{"href":"https:\/\/www.oparanews.com.br\/index.php\/wp-json\/wp\/v2\/media?parent=10340"}],"wp:term":[{"taxonomy":"category","embeddable":true,"href":"https:\/\/www.oparanews.com.br\/index.php\/wp-json\/wp\/v2\/categories?post=10340"},{"taxonomy":"post_tag","embeddable":true,"href":"https:\/\/www.oparanews.com.br\/index.php\/wp-json\/wp\/v2\/tags?post=10340"}],"curies":[{"name":"wp","href":"https:\/\/api.w.org\/{rel}","templated":true}]}}