{"id":10343,"date":"2020-10-28T13:01:41","date_gmt":"2020-10-28T13:01:41","guid":{"rendered":"https:\/\/oparanews.com.br\/?p=10343"},"modified":"2020-10-28T13:01:41","modified_gmt":"2020-10-28T13:01:41","slug":"papa-francisco-diz-que-senhora-covid-deve-ser-obedecida","status":"publish","type":"post","link":"https:\/\/www.oparanews.com.br\/index.php\/2020\/10\/28\/papa-francisco-diz-que-senhora-covid-deve-ser-obedecida\/","title":{"rendered":"Papa Francisco diz que &#8220;senhora&#8221; Covid deve ser obedecida"},"content":{"rendered":"<p>O papa Francisco descreveu nesta quarta-feira a pandemia de Covid-19 como uma &#8220;senhora&#8221; capataz durona que deve ser obedecida, mas ele e seus assessores mais pr\u00f3ximos n\u00e3o usaram m\u00e1scaras em sua audi\u00eancia geral.<\/p>\n<p>No in\u00edcio da audi\u00eancia interna, Francisco pediu desculpas \u00e0s pessoas por n\u00e3o descerem do palco de m\u00e1rmore.<\/p>\n<p>&#8220;Eu ficarei aqui. Eu gostaria muito de descer e cumprimentar cada um de voc\u00eas, mas temos que manter nossas dist\u00e2ncias&#8221;, disse ele para a multid\u00e3o, quase toda usando m\u00e1scaras.<\/p>\n<p>&#8220;Se eu descer, imediatamente as pessoas v\u00e3o formar grupos&#8230; e isso vai contra os cuidados, as precau\u00e7\u00f5es que devemos ter diante dessa senhora chamada Covid, que est\u00e1 nos fazendo muito mal&#8221;, disse.<\/p>\n<p>O papa e a maioria dos assessores e tradutores no palco n\u00e3o usavam m\u00e1scaras. Guardas su\u00ed\u00e7os e fot\u00f3grafos oficiais no palco estavam com m\u00e1scaras, mas bispos e padres que saudaram o papa de perto removeram suas m\u00e1scaras ao se aproximarem dele.<\/p>\n<p>Treze guardas su\u00ed\u00e7os e um residente da casa de h\u00f3spedes onde mora o papa testaram positivo para Covid-19 recentemente.<\/p>\n<p>O papa, que teve parte de um pulm\u00e3o removido por causa de uma doen\u00e7a quando era jovem, foi criticado, principalmente nas redes sociais, por nem sempre usar m\u00e1scara em p\u00fablico.<\/p>\n<p>Em 20 de outubro, ele usou uma m\u00e1scara por v\u00e1rias horas em um servi\u00e7o de ora\u00e7\u00e3o em Roma com outros l\u00edderes religiosos, tirando-a apenas quando falava. No s\u00e1bado passado, ningu\u00e9m na biblioteca particular do papa usou m\u00e1scara quando ele falou com o primeiro-ministro espanhol, Pedro S\u00e1nchez, e sua comitiva.<\/p>\n<p>Em uma videoconfer\u00eancia com rep\u00f3rteres na ter\u00e7a-feira, o padre Augusto Zampini, membro de uma comiss\u00e3o do Vaticano que o papa criou para aconselh\u00e1-lo sobre os efeitos sociais da crise, reconheceu a inconsist\u00eancia de Francisco.<\/p>\n<p>&#8220;Estamos tentando convenc\u00ea-lo, estamos quase l\u00e1&#8221;, disse Zampini.<\/p>\n<p>&nbsp;<\/p>\n<p><strong>Fonte: Terra<\/strong><\/p>\n<p>&nbsp;<\/p>\n","protected":false},"excerpt":{"rendered":"<p>O papa Francisco descreveu nesta quarta-feira a pandemia de Covid-19 como uma &#8220;senhora&#8221; capataz durona que deve ser obedecida, mas ele e seus assessores mais pr\u00f3ximos n\u00e3o usaram m\u00e1scaras em sua audi\u00eancia geral. No in\u00edcio da audi\u00eancia interna, Francisco pediu desculpas \u00e0s pessoas por n\u00e3o descerem do palco de m\u00e1rmore. &#8220;Eu ficarei aqui. Eu gostaria &hellip;<\/p>\n","protected":false},"author":1,"featured_media":10344,"comment_status":"open","ping_status":"open","sticky":false,"template":"","format":"standard","meta":{"_jetpack_newsletter_access":"","_jetpack_dont_email_post_to_subs":false,"_jetpack_newsletter_tier_id":0,"_jetpack_memberships_contains_paywalled_content":false,"_jetpack_memberships_contains_paid_content":false,"footnotes":""},"categories":[1],"tags":[],"class_list":["post-10343","post","type-post","status-publish","format-standard","has-post-thumbnail","hentry","category-destaque"],"jetpack_sharing_enabled":true,"jetpack_featured_media_url":"","_links":{"self":[{"href":"https:\/\/www.oparanews.com.br\/index.php\/wp-json\/wp\/v2\/posts\/10343","targetHints":{"allow":["GET"]}}],"collection":[{"href":"https:\/\/www.oparanews.com.br\/index.php\/wp-json\/wp\/v2\/posts"}],"about":[{"href":"https:\/\/www.oparanews.com.br\/index.php\/wp-json\/wp\/v2\/types\/post"}],"author":[{"embeddable":true,"href":"https:\/\/www.oparanews.com.br\/index.php\/wp-json\/wp\/v2\/users\/1"}],"replies":[{"embeddable":true,"href":"https:\/\/www.oparanews.com.br\/index.php\/wp-json\/wp\/v2\/comments?post=10343"}],"version-history":[{"count":0,"href":"https:\/\/www.oparanews.com.br\/index.php\/wp-json\/wp\/v2\/posts\/10343\/revisions"}],"wp:attachment":[{"href":"https:\/\/www.oparanews.com.br\/index.php\/wp-json\/wp\/v2\/media?parent=10343"}],"wp:term":[{"taxonomy":"category","embeddable":true,"href":"https:\/\/www.oparanews.com.br\/index.php\/wp-json\/wp\/v2\/categories?post=10343"},{"taxonomy":"post_tag","embeddable":true,"href":"https:\/\/www.oparanews.com.br\/index.php\/wp-json\/wp\/v2\/tags?post=10343"}],"curies":[{"name":"wp","href":"https:\/\/api.w.org\/{rel}","templated":true}]}}