{"id":10351,"date":"2020-10-28T19:47:52","date_gmt":"2020-10-28T19:47:52","guid":{"rendered":"https:\/\/oparanews.com.br\/?p=10351"},"modified":"2020-10-28T19:47:52","modified_gmt":"2020-10-28T19:47:52","slug":"alagoas-registra-113-novos-casos-e-mais-cinco-mortes-por-covid-19","status":"publish","type":"post","link":"https:\/\/www.oparanews.com.br\/index.php\/2020\/10\/28\/alagoas-registra-113-novos-casos-e-mais-cinco-mortes-por-covid-19\/","title":{"rendered":"Alagoas registra 113 novos casos e mais cinco mortes por Covid-19"},"content":{"rendered":"<p>Alagoas registrou 113 casos e cinco mortes por Covid-19 nas \u00faltimas 24 horas, chegando ao total de 90.497 casos e 2.226 \u00f3bitos de pessoas infectadas pelo novo coronav\u00edrus. Os n\u00fameros s\u00e3o do boletim epidemiol\u00f3gico da Secretaria de Estado da Sa\u00fade (Sesau) desta quarta-feira (28).<\/p>\n<p>O estado tem 2.537 casos suspeitos. O n\u00famero de pacientes recuperados da doen\u00e7a chegou a 87.424.<\/p>\n<p>Na manh\u00e3 desta quarta, a taxa de ocupa\u00e7\u00e3o de leitos exclusivos para Covid-19 estava em 21%. Considerando apenas os leitos de UTI, o percentual era de 39%.<\/p>\n<p>Mais cinco mortes por Covid-19<\/p>\n<p>Macei\u00f3: Homem, 76 anos \u2013 sem comorbidades<br \/>\nJoaquim Gomes: Homem, 76 anos \u2013 hipertenso e Doen\u00e7a Pulmonar Obstrutiva Cr\u00f4nica (DPOC)<br \/>\nTraipu: Homem, 60 anos \u2013 hipertenso e diab\u00e9tico<br \/>\nLimoeiro de Anadia: Mulher, 76 anos \u2013 Doen\u00e7a Pulmonar Obstrutiva Cr\u00f4nica (DPOC)<br \/>\nArapiraca: Mulher, 65 anos \u2013 sem comorbidades<\/p>\n<p>&nbsp;<\/p>\n<p><strong>Fonte: G1\/AL<\/strong><\/p>\n<p>&nbsp;<\/p>\n","protected":false},"excerpt":{"rendered":"<p>Alagoas registrou 113 casos e cinco mortes por Covid-19 nas \u00faltimas 24 horas, chegando ao total de 90.497 casos e 2.226 \u00f3bitos de pessoas infectadas pelo novo coronav\u00edrus. Os n\u00fameros s\u00e3o do boletim epidemiol\u00f3gico da Secretaria de Estado da Sa\u00fade (Sesau) desta quarta-feira (28). O estado tem 2.537 casos suspeitos. O n\u00famero de pacientes recuperados &hellip;<\/p>\n","protected":false},"author":1,"featured_media":6894,"comment_status":"open","ping_status":"open","sticky":false,"template":"","format":"standard","meta":{"_jetpack_newsletter_access":"","_jetpack_dont_email_post_to_subs":false,"_jetpack_newsletter_tier_id":0,"_jetpack_memberships_contains_paywalled_content":false,"_jetpack_memberships_contains_paid_content":false,"footnotes":""},"categories":[1],"tags":[],"class_list":["post-10351","post","type-post","status-publish","format-standard","has-post-thumbnail","hentry","category-destaque"],"jetpack_sharing_enabled":true,"jetpack_featured_media_url":"","_links":{"self":[{"href":"https:\/\/www.oparanews.com.br\/index.php\/wp-json\/wp\/v2\/posts\/10351","targetHints":{"allow":["GET"]}}],"collection":[{"href":"https:\/\/www.oparanews.com.br\/index.php\/wp-json\/wp\/v2\/posts"}],"about":[{"href":"https:\/\/www.oparanews.com.br\/index.php\/wp-json\/wp\/v2\/types\/post"}],"author":[{"embeddable":true,"href":"https:\/\/www.oparanews.com.br\/index.php\/wp-json\/wp\/v2\/users\/1"}],"replies":[{"embeddable":true,"href":"https:\/\/www.oparanews.com.br\/index.php\/wp-json\/wp\/v2\/comments?post=10351"}],"version-history":[{"count":0,"href":"https:\/\/www.oparanews.com.br\/index.php\/wp-json\/wp\/v2\/posts\/10351\/revisions"}],"wp:attachment":[{"href":"https:\/\/www.oparanews.com.br\/index.php\/wp-json\/wp\/v2\/media?parent=10351"}],"wp:term":[{"taxonomy":"category","embeddable":true,"href":"https:\/\/www.oparanews.com.br\/index.php\/wp-json\/wp\/v2\/categories?post=10351"},{"taxonomy":"post_tag","embeddable":true,"href":"https:\/\/www.oparanews.com.br\/index.php\/wp-json\/wp\/v2\/tags?post=10351"}],"curies":[{"name":"wp","href":"https:\/\/api.w.org\/{rel}","templated":true}]}}