{"id":10375,"date":"2020-10-29T20:08:09","date_gmt":"2020-10-29T20:08:09","guid":{"rendered":"https:\/\/oparanews.com.br\/?p=10375"},"modified":"2020-10-29T20:08:09","modified_gmt":"2020-10-29T20:08:09","slug":"xandao-e-jatoba-testam-positivo-para-covid-19-e-desfalcam-o-crb","status":"publish","type":"post","link":"https:\/\/www.oparanews.com.br\/index.php\/2020\/10\/29\/xandao-e-jatoba-testam-positivo-para-covid-19-e-desfalcam-o-crb\/","title":{"rendered":"Xand\u00e3o e Jatob\u00e1 testam positivo para Covid-19 e desfalcam o CRB"},"content":{"rendered":"<p>Sofrendo com muitos desfalques durante a temporada, o CRB teve mais uma m\u00e1 not\u00edcia nesta quinta (29). O zagueiro Xand\u00e3o e o volante Carlos Jatob\u00e1 testaram positivo para a Covid-19 e o n\u00famero de infectados no Galo chegou a nove.<\/p>\n<p>Os dois atletas se juntam aos laterais Reginaldo Lopes e Hugo; aos zagueiros Gum, Reginaldo J\u00fanior e Thalisson Kelven; ao volante Moacir; e ao atacante Safira como desfalques por Covid.<\/p>\n<p>Al\u00e9m dos atletas que testaram positivo, o CRB n\u00e3o contar\u00e1 com Igor Cari\u00fas, com uma tor\u00e7\u00e3o no tornozelo, e Pablo Dyego, que lesionou a coxa na vit\u00f3ria sobre a Ponte Preta na \u00faltima rodada. O clube j\u00e1 viajou para Cuiab\u00e1, por\u00e9m, n\u00e3o foi divulgada lista de relacionados para a partida de s\u00e1bado (31).<\/p>\n<p>O CRB se encontra na 7\u00aa posi\u00e7\u00e3o na S\u00e9rie B, com 26 pontos, somente dois a menos que o Juventude, primeiro time do G-4. O pr\u00f3ximo compromisso do Galo \u00e9 contra o Cuiab\u00e1, na Arena Pantanal, no pr\u00f3ximo s\u00e1bado (31), \u00e0s 22h.<\/p>\n<p>&nbsp;<\/p>\n<p><strong>por Rafael Reis\/Gazetaweb<\/strong><\/p>\n<p>&nbsp;<\/p>\n","protected":false},"excerpt":{"rendered":"<p>Sofrendo com muitos desfalques durante a temporada, o CRB teve mais uma m\u00e1 not\u00edcia nesta quinta (29). O zagueiro Xand\u00e3o e o volante Carlos Jatob\u00e1 testaram positivo para a Covid-19 e o n\u00famero de infectados no Galo chegou a nove. Os dois atletas se juntam aos laterais Reginaldo Lopes e Hugo; aos zagueiros Gum, Reginaldo &hellip;<\/p>\n","protected":false},"author":1,"featured_media":10376,"comment_status":"open","ping_status":"open","sticky":false,"template":"","format":"standard","meta":{"_jetpack_newsletter_access":"","_jetpack_dont_email_post_to_subs":false,"_jetpack_newsletter_tier_id":0,"_jetpack_memberships_contains_paywalled_content":false,"_jetpack_memberships_contains_paid_content":false,"footnotes":""},"categories":[1],"tags":[],"class_list":["post-10375","post","type-post","status-publish","format-standard","has-post-thumbnail","hentry","category-destaque"],"jetpack_sharing_enabled":true,"jetpack_featured_media_url":"","_links":{"self":[{"href":"https:\/\/www.oparanews.com.br\/index.php\/wp-json\/wp\/v2\/posts\/10375","targetHints":{"allow":["GET"]}}],"collection":[{"href":"https:\/\/www.oparanews.com.br\/index.php\/wp-json\/wp\/v2\/posts"}],"about":[{"href":"https:\/\/www.oparanews.com.br\/index.php\/wp-json\/wp\/v2\/types\/post"}],"author":[{"embeddable":true,"href":"https:\/\/www.oparanews.com.br\/index.php\/wp-json\/wp\/v2\/users\/1"}],"replies":[{"embeddable":true,"href":"https:\/\/www.oparanews.com.br\/index.php\/wp-json\/wp\/v2\/comments?post=10375"}],"version-history":[{"count":0,"href":"https:\/\/www.oparanews.com.br\/index.php\/wp-json\/wp\/v2\/posts\/10375\/revisions"}],"wp:attachment":[{"href":"https:\/\/www.oparanews.com.br\/index.php\/wp-json\/wp\/v2\/media?parent=10375"}],"wp:term":[{"taxonomy":"category","embeddable":true,"href":"https:\/\/www.oparanews.com.br\/index.php\/wp-json\/wp\/v2\/categories?post=10375"},{"taxonomy":"post_tag","embeddable":true,"href":"https:\/\/www.oparanews.com.br\/index.php\/wp-json\/wp\/v2\/tags?post=10375"}],"curies":[{"name":"wp","href":"https:\/\/api.w.org\/{rel}","templated":true}]}}