{"id":10384,"date":"2020-10-29T20:14:01","date_gmt":"2020-10-29T20:14:01","guid":{"rendered":"https:\/\/oparanews.com.br\/?p=10384"},"modified":"2020-10-29T20:14:01","modified_gmt":"2020-10-29T20:14:01","slug":"andreia-sadi-esta-gravida-de-gemeos","status":"publish","type":"post","link":"https:\/\/www.oparanews.com.br\/index.php\/2020\/10\/29\/andreia-sadi-esta-gravida-de-gemeos\/","title":{"rendered":"Andreia Sadi est\u00e1 gr\u00e1vida de g\u00eameos"},"content":{"rendered":"<p>Uma das jornalistas mais populares da Globo, Andreia Sadi, 33 anos, est\u00e1 gr\u00e1vida de g\u00eameos. S\u00e3o quatro meses de gesta\u00e7\u00e3o. A rep\u00f3rter comunicou a novidade para colegas de reda\u00e7\u00e3o nesta quinta-feira (29).<\/p>\n<p>Alguns deles chegaram a comentar nas redes sociais sobre a gravidez da apresentadora, mas depois apagaram as postagens para preservar o segredo. Durante o &#8220;Em Pauta&#8221;, na GloboNews, ela chegou a ser alvo de algumas piadas internas sobre o assunto.<\/p>\n<p>A jornalista, especializada em pol\u00edtica, chegou a comentar com amigos \u00edntimos, mas pediu discri\u00e7\u00e3o, para ter a chance de comunicar em seu tempo.<\/p>\n<p>Nos pr\u00f3ximos dias, Andreia e a Globo sentar\u00e3o para decidir at\u00e9 quando ela ficar\u00e1 no ar e como ser\u00e1 seu esquema de trabalho neste novo momento.<\/p>\n<p>A informa\u00e7\u00e3o foi confirmada por Andr\u00e9 Rizek, companheiro da jornalista, em seu programa no canal a cabo SporTV.<\/p>\n<p>&nbsp;<\/p>\n<p><strong>Fonte: Uol<\/strong><\/p>\n<p>&nbsp;<\/p>\n","protected":false},"excerpt":{"rendered":"<p>Uma das jornalistas mais populares da Globo, Andreia Sadi, 33 anos, est\u00e1 gr\u00e1vida de g\u00eameos. S\u00e3o quatro meses de gesta\u00e7\u00e3o. A rep\u00f3rter comunicou a novidade para colegas de reda\u00e7\u00e3o nesta quinta-feira (29). Alguns deles chegaram a comentar nas redes sociais sobre a gravidez da apresentadora, mas depois apagaram as postagens para preservar o segredo. Durante &hellip;<\/p>\n","protected":false},"author":1,"featured_media":10385,"comment_status":"open","ping_status":"open","sticky":false,"template":"","format":"standard","meta":{"_jetpack_newsletter_access":"","_jetpack_dont_email_post_to_subs":false,"_jetpack_newsletter_tier_id":0,"_jetpack_memberships_contains_paywalled_content":false,"_jetpack_memberships_contains_paid_content":false,"footnotes":""},"categories":[1],"tags":[],"class_list":["post-10384","post","type-post","status-publish","format-standard","has-post-thumbnail","hentry","category-destaque"],"jetpack_sharing_enabled":true,"jetpack_featured_media_url":"","_links":{"self":[{"href":"https:\/\/www.oparanews.com.br\/index.php\/wp-json\/wp\/v2\/posts\/10384","targetHints":{"allow":["GET"]}}],"collection":[{"href":"https:\/\/www.oparanews.com.br\/index.php\/wp-json\/wp\/v2\/posts"}],"about":[{"href":"https:\/\/www.oparanews.com.br\/index.php\/wp-json\/wp\/v2\/types\/post"}],"author":[{"embeddable":true,"href":"https:\/\/www.oparanews.com.br\/index.php\/wp-json\/wp\/v2\/users\/1"}],"replies":[{"embeddable":true,"href":"https:\/\/www.oparanews.com.br\/index.php\/wp-json\/wp\/v2\/comments?post=10384"}],"version-history":[{"count":0,"href":"https:\/\/www.oparanews.com.br\/index.php\/wp-json\/wp\/v2\/posts\/10384\/revisions"}],"wp:attachment":[{"href":"https:\/\/www.oparanews.com.br\/index.php\/wp-json\/wp\/v2\/media?parent=10384"}],"wp:term":[{"taxonomy":"category","embeddable":true,"href":"https:\/\/www.oparanews.com.br\/index.php\/wp-json\/wp\/v2\/categories?post=10384"},{"taxonomy":"post_tag","embeddable":true,"href":"https:\/\/www.oparanews.com.br\/index.php\/wp-json\/wp\/v2\/tags?post=10384"}],"curies":[{"name":"wp","href":"https:\/\/api.w.org\/{rel}","templated":true}]}}