{"id":10387,"date":"2020-10-29T20:23:12","date_gmt":"2020-10-29T20:23:12","guid":{"rendered":"https:\/\/oparanews.com.br\/?p=10387"},"modified":"2020-10-29T20:23:12","modified_gmt":"2020-10-29T20:23:12","slug":"uncisal-anuncia-retorno-de-estagios-e-atividades-para-alunos-dos-ultimos-anos-teoricos","status":"publish","type":"post","link":"https:\/\/www.oparanews.com.br\/index.php\/2020\/10\/29\/uncisal-anuncia-retorno-de-estagios-e-atividades-para-alunos-dos-ultimos-anos-teoricos\/","title":{"rendered":"Uncisal anuncia retorno de est\u00e1gios e atividades para alunos dos \u00faltimos anos te\u00f3ricos"},"content":{"rendered":"<p>Desde mar\u00e7o com as atividades suspensas por causa da pandemia da covid-19, a Universidade Estadual de Ci\u00eancias da Sa\u00fade de Alagoas (Uncisal) informou, nesta quinta-feira (29), que os est\u00e1gios e o ensino remoto para alunos dos \u00faltimos anos te\u00f3ricos ser\u00e3o retomados a partir do dia 9 de novembro.<\/p>\n<p>O TNH1 publicou na \u00faltima ter\u00e7a-feira (27) a insatisfa\u00e7\u00e3o dos alunos, que relataram dificuldades e formaram uma comiss\u00e3o para pressionar a universidade ao retorno das atividades remotas.<\/p>\n<p>&#8220;Em reuni\u00e3o realizada na manh\u00e3 desta quinta-feira (29\/10) o Comit\u00ea da Academia da Uncisal decidiu pelo retorno dos \u00faltimos anos te\u00f3ricos no pr\u00f3ximo dia 9 de novembro, para todos os cursos. Tamb\u00e9m neste dia acontecer\u00e1 o retorno dos est\u00e1gios. A data para o retorno foi decidida por unanimidade pelos participantes da reuni\u00e3o, com as presen\u00e7as da vice-reitora Ilka Soares, pr\u00f3-reitores da Proest, Propep, Proex, Proeg, diretores dos Centros, coordenadores dos cursos, representantes de servidores t\u00e9cnicos e do movimento estudantil. Em breve ser\u00e3o divulgadas novas informa\u00e7\u00f5es&#8221;, publicou a Uncisal no site oficial.<\/p>\n<p>Embora a rotina de aulas online tenha virado realidade para muitos estudantes durante a pandemia, os alunos da Uncisal estavam desde mar\u00e7o sem atividades. Isso porque o ensino remoto estava condicionado ao acesso para todos os alunos. Alunos de medicina e outros cursos formaram uma comiss\u00e3o para cobrar uma nova data, que terminou sendo anunciada nesta quinta-feira.<\/p>\n<p>&nbsp;<\/p>\n<p><strong>Fonte: TNH1<\/strong><\/p>\n<p>&nbsp;<\/p>\n","protected":false},"excerpt":{"rendered":"<p>Desde mar\u00e7o com as atividades suspensas por causa da pandemia da covid-19, a Universidade Estadual de Ci\u00eancias da Sa\u00fade de Alagoas (Uncisal) informou, nesta quinta-feira (29), que os est\u00e1gios e o ensino remoto para alunos dos \u00faltimos anos te\u00f3ricos ser\u00e3o retomados a partir do dia 9 de novembro. O TNH1 publicou na \u00faltima ter\u00e7a-feira (27) &hellip;<\/p>\n","protected":false},"author":1,"featured_media":10388,"comment_status":"open","ping_status":"open","sticky":false,"template":"","format":"standard","meta":{"_jetpack_newsletter_access":"","_jetpack_dont_email_post_to_subs":false,"_jetpack_newsletter_tier_id":0,"_jetpack_memberships_contains_paywalled_content":false,"_jetpack_memberships_contains_paid_content":false,"footnotes":""},"categories":[1],"tags":[],"class_list":["post-10387","post","type-post","status-publish","format-standard","has-post-thumbnail","hentry","category-destaque"],"jetpack_sharing_enabled":true,"jetpack_featured_media_url":"","_links":{"self":[{"href":"https:\/\/www.oparanews.com.br\/index.php\/wp-json\/wp\/v2\/posts\/10387","targetHints":{"allow":["GET"]}}],"collection":[{"href":"https:\/\/www.oparanews.com.br\/index.php\/wp-json\/wp\/v2\/posts"}],"about":[{"href":"https:\/\/www.oparanews.com.br\/index.php\/wp-json\/wp\/v2\/types\/post"}],"author":[{"embeddable":true,"href":"https:\/\/www.oparanews.com.br\/index.php\/wp-json\/wp\/v2\/users\/1"}],"replies":[{"embeddable":true,"href":"https:\/\/www.oparanews.com.br\/index.php\/wp-json\/wp\/v2\/comments?post=10387"}],"version-history":[{"count":0,"href":"https:\/\/www.oparanews.com.br\/index.php\/wp-json\/wp\/v2\/posts\/10387\/revisions"}],"wp:attachment":[{"href":"https:\/\/www.oparanews.com.br\/index.php\/wp-json\/wp\/v2\/media?parent=10387"}],"wp:term":[{"taxonomy":"category","embeddable":true,"href":"https:\/\/www.oparanews.com.br\/index.php\/wp-json\/wp\/v2\/categories?post=10387"},{"taxonomy":"post_tag","embeddable":true,"href":"https:\/\/www.oparanews.com.br\/index.php\/wp-json\/wp\/v2\/tags?post=10387"}],"curies":[{"name":"wp","href":"https:\/\/api.w.org\/{rel}","templated":true}]}}