{"id":10393,"date":"2020-10-30T19:34:59","date_gmt":"2020-10-30T19:34:59","guid":{"rendered":"https:\/\/oparanews.com.br\/?p=10393"},"modified":"2020-10-30T19:34:59","modified_gmt":"2020-10-30T19:34:59","slug":"homem-de-20-anos-e-preso-suspeito-de-matar-a-namorada-de-15-anos-em-pilar","status":"publish","type":"post","link":"https:\/\/www.oparanews.com.br\/index.php\/2020\/10\/30\/homem-de-20-anos-e-preso-suspeito-de-matar-a-namorada-de-15-anos-em-pilar\/","title":{"rendered":"Homem de 20 anos \u00e9 preso suspeito de matar a namorada de 15 anos em Pilar"},"content":{"rendered":"<p>Um homem de 20 anos foi preso na manh\u00e3 desta sexta-feira (30) em Pilar, regi\u00e3o metropolitana de Macei\u00f3, suspeito de matar a namorada, uma adolescente de 15 anos. Segundo a pol\u00edcia, ele tinha dois mandados de pris\u00e3o em aberto pelos crimes de feminic\u00eddio e tr\u00e1fico de drogas. O jovem tamb\u00e9m \u00e9 suspeito de comandar uma fac\u00e7\u00e3o criminosa respons\u00e1vel pelo tr\u00e1fico no munic\u00edpio.<\/p>\n<p>\u201cEle era atualmente o indiv\u00edduo mais procurado pela policia do Pilar. Al\u00e9m de envolvimento direto com o tr\u00e1fico local, ele assassinou com um tiro a companheira de 15 anos, Maria Viviane da Silva Ferreira, em 22 de agosto deste ano, na Ch\u00e3 do Pilar\u201d, explicou o delegado da cidade, Sidney Ten\u00f3rio.<\/p>\n<p>Ainda de acordo com o delegado, desde a pris\u00e3o de um outro homem suspeito de chefiar o tr\u00e1fico no Pilar, em setembro, o jovem passou a assumir essa fun\u00e7\u00e3o, at\u00e9 ser preso nesta manh\u00e3.<\/p>\n<p>Durante a pris\u00e3o, a pol\u00edcia apreendeu na casa do suspeito duas armas de fogo, sendo um rev\u00f3lver calibre 38 e uma pistola calibre 380, al\u00e9m de um tablete de maconha. Um adolescente que estava na casa foi apreendido.<\/p>\n<p>O jovem foi autuado em flagrante por porte de arma de fogo e tr\u00e1fico de drogas. A pol\u00edcia tamb\u00e9m deu cumprimento aos dois mandados de pris\u00e3o que ele tinha em aberto nas comarcas do Pilar e Campo Alegre.<\/p>\n<p>&nbsp;<\/p>\n<p><strong>Fonte: G1\/AL<\/strong><\/p>\n<p>&nbsp;<\/p>\n","protected":false},"excerpt":{"rendered":"<p>Um homem de 20 anos foi preso na manh\u00e3 desta sexta-feira (30) em Pilar, regi\u00e3o metropolitana de Macei\u00f3, suspeito de matar a namorada, uma adolescente de 15 anos. Segundo a pol\u00edcia, ele tinha dois mandados de pris\u00e3o em aberto pelos crimes de feminic\u00eddio e tr\u00e1fico de drogas. O jovem tamb\u00e9m \u00e9 suspeito de comandar uma &hellip;<\/p>\n","protected":false},"author":1,"featured_media":10394,"comment_status":"open","ping_status":"open","sticky":false,"template":"","format":"standard","meta":{"_jetpack_newsletter_access":"","_jetpack_dont_email_post_to_subs":false,"_jetpack_newsletter_tier_id":0,"_jetpack_memberships_contains_paywalled_content":false,"_jetpack_memberships_contains_paid_content":false,"footnotes":""},"categories":[1],"tags":[],"class_list":["post-10393","post","type-post","status-publish","format-standard","has-post-thumbnail","hentry","category-destaque"],"jetpack_sharing_enabled":true,"jetpack_featured_media_url":"","_links":{"self":[{"href":"https:\/\/www.oparanews.com.br\/index.php\/wp-json\/wp\/v2\/posts\/10393","targetHints":{"allow":["GET"]}}],"collection":[{"href":"https:\/\/www.oparanews.com.br\/index.php\/wp-json\/wp\/v2\/posts"}],"about":[{"href":"https:\/\/www.oparanews.com.br\/index.php\/wp-json\/wp\/v2\/types\/post"}],"author":[{"embeddable":true,"href":"https:\/\/www.oparanews.com.br\/index.php\/wp-json\/wp\/v2\/users\/1"}],"replies":[{"embeddable":true,"href":"https:\/\/www.oparanews.com.br\/index.php\/wp-json\/wp\/v2\/comments?post=10393"}],"version-history":[{"count":0,"href":"https:\/\/www.oparanews.com.br\/index.php\/wp-json\/wp\/v2\/posts\/10393\/revisions"}],"wp:attachment":[{"href":"https:\/\/www.oparanews.com.br\/index.php\/wp-json\/wp\/v2\/media?parent=10393"}],"wp:term":[{"taxonomy":"category","embeddable":true,"href":"https:\/\/www.oparanews.com.br\/index.php\/wp-json\/wp\/v2\/categories?post=10393"},{"taxonomy":"post_tag","embeddable":true,"href":"https:\/\/www.oparanews.com.br\/index.php\/wp-json\/wp\/v2\/tags?post=10393"}],"curies":[{"name":"wp","href":"https:\/\/api.w.org\/{rel}","templated":true}]}}