{"id":10399,"date":"2020-10-30T19:41:46","date_gmt":"2020-10-30T19:41:46","guid":{"rendered":"https:\/\/oparanews.com.br\/?p=10399"},"modified":"2020-10-30T19:41:46","modified_gmt":"2020-10-30T19:41:46","slug":"detran-reforca-operacao-lei-seca-em-al-para-o-feriadao-de-finados","status":"publish","type":"post","link":"https:\/\/www.oparanews.com.br\/index.php\/2020\/10\/30\/detran-reforca-operacao-lei-seca-em-al-para-o-feriadao-de-finados\/","title":{"rendered":"Detran refor\u00e7a opera\u00e7\u00e3o Lei Seca em AL para o feriad\u00e3o de Finados"},"content":{"rendered":"<p>Com o aumento do fluxo de ve\u00edculos por causa do feriad\u00e3o de Finados, a fiscaliza\u00e7\u00e3o das rodovias em Alagoas vai ser refor\u00e7ada j\u00e1 a partir desta sexta-feira (30). Para garantir uma viagem segura, o Departamento de Tr\u00e2nsito em Alagoas (Detran) informou que vai intensificar a opera\u00e7\u00e3o Lei Seca.<\/p>\n<p>Al\u00e9m disso, o Departamento de Tr\u00e2nsito d\u00e1 dicas para que motoristas e passageiros n\u00e3o tenham imprevistos na estrada. Uma delas \u00e9 manter a revis\u00e3o do ve\u00edculo em dia.<\/p>\n<p>Tamb\u00e9m \u00e9 indispens\u00e1vel conferir a calibragem dos pneus, a \u00e1gua do radiador, o \u00f3leo, a bateria e os freios.<\/p>\n<p>Outra dica \u00e9 para o motorista estar descansado para dirigir com seguran\u00e7a. Segundo o Detran, a maioria dos acidentes \u00e9 causada por imprud\u00eancia dos motoristas.<\/p>\n<p>\u00c9 necess\u00e1rio respeitar a sinaliza\u00e7\u00e3o, as leis de tr\u00e2nsito e os limites de velocidade da via. Manter uma dist\u00e2ncia segura em rela\u00e7\u00e3o ao ve\u00edculo da frente tamb\u00e9m \u00e9 importante.<\/p>\n<p>Al\u00e9m disso, a aten\u00e7\u00e3o com as crian\u00e7as \u00e9 fundamental. Vale lembrar que s\u00f3 podem ser transportadas no banco da frente crian\u00e7as com mais de dez anos de idade.<\/p>\n<p>&nbsp;<\/p>\n<p><strong>Fonte: G1\/AL<\/strong><\/p>\n<p>&nbsp;<\/p>\n","protected":false},"excerpt":{"rendered":"<p>Com o aumento do fluxo de ve\u00edculos por causa do feriad\u00e3o de Finados, a fiscaliza\u00e7\u00e3o das rodovias em Alagoas vai ser refor\u00e7ada j\u00e1 a partir desta sexta-feira (30). Para garantir uma viagem segura, o Departamento de Tr\u00e2nsito em Alagoas (Detran) informou que vai intensificar a opera\u00e7\u00e3o Lei Seca. Al\u00e9m disso, o Departamento de Tr\u00e2nsito d\u00e1 &hellip;<\/p>\n","protected":false},"author":1,"featured_media":10400,"comment_status":"open","ping_status":"open","sticky":false,"template":"","format":"standard","meta":{"_jetpack_newsletter_access":"","_jetpack_dont_email_post_to_subs":false,"_jetpack_newsletter_tier_id":0,"_jetpack_memberships_contains_paywalled_content":false,"_jetpack_memberships_contains_paid_content":false,"footnotes":""},"categories":[1],"tags":[],"class_list":["post-10399","post","type-post","status-publish","format-standard","has-post-thumbnail","hentry","category-destaque"],"jetpack_sharing_enabled":true,"jetpack_featured_media_url":"","_links":{"self":[{"href":"https:\/\/www.oparanews.com.br\/index.php\/wp-json\/wp\/v2\/posts\/10399","targetHints":{"allow":["GET"]}}],"collection":[{"href":"https:\/\/www.oparanews.com.br\/index.php\/wp-json\/wp\/v2\/posts"}],"about":[{"href":"https:\/\/www.oparanews.com.br\/index.php\/wp-json\/wp\/v2\/types\/post"}],"author":[{"embeddable":true,"href":"https:\/\/www.oparanews.com.br\/index.php\/wp-json\/wp\/v2\/users\/1"}],"replies":[{"embeddable":true,"href":"https:\/\/www.oparanews.com.br\/index.php\/wp-json\/wp\/v2\/comments?post=10399"}],"version-history":[{"count":0,"href":"https:\/\/www.oparanews.com.br\/index.php\/wp-json\/wp\/v2\/posts\/10399\/revisions"}],"wp:attachment":[{"href":"https:\/\/www.oparanews.com.br\/index.php\/wp-json\/wp\/v2\/media?parent=10399"}],"wp:term":[{"taxonomy":"category","embeddable":true,"href":"https:\/\/www.oparanews.com.br\/index.php\/wp-json\/wp\/v2\/categories?post=10399"},{"taxonomy":"post_tag","embeddable":true,"href":"https:\/\/www.oparanews.com.br\/index.php\/wp-json\/wp\/v2\/tags?post=10399"}],"curies":[{"name":"wp","href":"https:\/\/api.w.org\/{rel}","templated":true}]}}