{"id":10405,"date":"2020-10-31T12:35:07","date_gmt":"2020-10-31T12:35:07","guid":{"rendered":"https:\/\/oparanews.com.br\/?p=10405"},"modified":"2020-10-31T12:35:07","modified_gmt":"2020-10-31T12:35:07","slug":"com-covid-19-pazuello-e-internado-no-df","status":"publish","type":"post","link":"https:\/\/www.oparanews.com.br\/index.php\/2020\/10\/31\/com-covid-19-pazuello-e-internado-no-df\/","title":{"rendered":"Com Covid-19, Pazuello \u00e9 internado no DF"},"content":{"rendered":"<p>O ministro da Sa\u00fade, Eduardo Pazuello, foi internado em um hospital particular de Bras\u00edlia nesta sexta-feira (30). Exames indicaram um quadro de desidrata\u00e7\u00e3o e, por isso, Pazuello ficou no hospital para receber soro.<\/p>\n<p>At\u00e9 as 22h30, o ministro da Sa\u00fade seguia em monitoramento no hospital, e sem hor\u00e1rio previsto para alta. Segundo o minist\u00e9rio, Pazuello permaneceu no hospital &#8220;para hidrata\u00e7\u00e3o e acompanhamento m\u00e9dico e deve ser liberado em breve&#8221;<\/p>\n<p>Pazuello j\u00e1 tinha enfrentado um quadro de desidrata\u00e7\u00e3o na \u00faltima semana, quando descobriu estar infectado pelo novo coronav\u00edrus. O ministro anunciou ter contra\u00eddo Covid-19 no \u00faltimo dia 21, h\u00e1 nove dias.<\/p>\n<p>Al\u00e9m da desidrata\u00e7\u00e3o, Pazuello relatou febre e dores de cabe\u00e7a. Desde ent\u00e3o, ele cumpria isolamento no hotel de tr\u00e2nsito dos oficiais no Setor Militar Urbano, em Bras\u00edlia.<\/p>\n<p>Apesar da orienta\u00e7\u00e3o de isolamento, em 22 de outubro \u2013 ou seja, no dia seguinte ao diagn\u00f3stico confirmado \u2013, Pazuello apareceu em uma transmiss\u00e3o em rede social ao lado do presidente Jair Bolsonaro. Ambos estavam sem m\u00e1scara.<\/p>\n<p><strong>Nota<\/strong><\/p>\n<p><em>Leia a nota divulgada pelo Minist\u00e9rio da Sa\u00fade nesta sexta:<\/em><\/p>\n<p><em>O ministro da Sa\u00fade, Eduardo Pazuello, compareceu ao hospital DF Star, em Bras\u00edlia, na noite desta sexta-feira (30) para se submeter a exames de acompanhamento do tratamento da Covid-19. O procedimento faz parte da conduta indicada pela equipe m\u00e9dica do ministro.<\/em><\/p>\n<p><em>Pazuello permanece na unidade de sa\u00fade para hidrata\u00e7\u00e3o e acompanhamento m\u00e9dico e deve ser liberado em breve.<\/em><\/p>\n<p>&nbsp;<\/p>\n<p><strong>Fonte: G1<\/strong><\/p>\n<p>&nbsp;<\/p>\n","protected":false},"excerpt":{"rendered":"<p>O ministro da Sa\u00fade, Eduardo Pazuello, foi internado em um hospital particular de Bras\u00edlia nesta sexta-feira (30). Exames indicaram um quadro de desidrata\u00e7\u00e3o e, por isso, Pazuello ficou no hospital para receber soro. At\u00e9 as 22h30, o ministro da Sa\u00fade seguia em monitoramento no hospital, e sem hor\u00e1rio previsto para alta. Segundo o minist\u00e9rio, Pazuello &hellip;<\/p>\n","protected":false},"author":1,"featured_media":10406,"comment_status":"open","ping_status":"open","sticky":false,"template":"","format":"standard","meta":{"_jetpack_newsletter_access":"","_jetpack_dont_email_post_to_subs":false,"_jetpack_newsletter_tier_id":0,"_jetpack_memberships_contains_paywalled_content":false,"_jetpack_memberships_contains_paid_content":false,"footnotes":""},"categories":[1],"tags":[],"class_list":["post-10405","post","type-post","status-publish","format-standard","has-post-thumbnail","hentry","category-destaque"],"jetpack_sharing_enabled":true,"jetpack_featured_media_url":"","_links":{"self":[{"href":"https:\/\/www.oparanews.com.br\/index.php\/wp-json\/wp\/v2\/posts\/10405","targetHints":{"allow":["GET"]}}],"collection":[{"href":"https:\/\/www.oparanews.com.br\/index.php\/wp-json\/wp\/v2\/posts"}],"about":[{"href":"https:\/\/www.oparanews.com.br\/index.php\/wp-json\/wp\/v2\/types\/post"}],"author":[{"embeddable":true,"href":"https:\/\/www.oparanews.com.br\/index.php\/wp-json\/wp\/v2\/users\/1"}],"replies":[{"embeddable":true,"href":"https:\/\/www.oparanews.com.br\/index.php\/wp-json\/wp\/v2\/comments?post=10405"}],"version-history":[{"count":0,"href":"https:\/\/www.oparanews.com.br\/index.php\/wp-json\/wp\/v2\/posts\/10405\/revisions"}],"wp:attachment":[{"href":"https:\/\/www.oparanews.com.br\/index.php\/wp-json\/wp\/v2\/media?parent=10405"}],"wp:term":[{"taxonomy":"category","embeddable":true,"href":"https:\/\/www.oparanews.com.br\/index.php\/wp-json\/wp\/v2\/categories?post=10405"},{"taxonomy":"post_tag","embeddable":true,"href":"https:\/\/www.oparanews.com.br\/index.php\/wp-json\/wp\/v2\/tags?post=10405"}],"curies":[{"name":"wp","href":"https:\/\/api.w.org\/{rel}","templated":true}]}}