{"id":10411,"date":"2020-10-31T12:55:42","date_gmt":"2020-10-31T12:55:42","guid":{"rendered":"https:\/\/oparanews.com.br\/?p=10411"},"modified":"2020-10-31T12:55:42","modified_gmt":"2020-10-31T12:55:42","slug":"governo-vai-comprar-vacina-da-china-afirma-mourao","status":"publish","type":"post","link":"https:\/\/www.oparanews.com.br\/index.php\/2020\/10\/31\/governo-vai-comprar-vacina-da-china-afirma-mourao\/","title":{"rendered":"&#8216;Governo vai comprar vacina da China&#8217;, afirma Mour\u00e3o"},"content":{"rendered":"<p>O vice-presidente Hamilton Mour\u00e3o (PRTB) afirmou, em entrevista \u00e0 revista Veja publicada nesta sexta-feira, 30, que a pol\u00eamica em torno da vacina contra covid-19 desenvolvida pela farmac\u00eautica chinesa Sinovac em parceria com o Instituto Butant\u00e3 \u00e9 &#8220;briga pol\u00edtica&#8221; com o governador de S\u00e3o Paulo, Jo\u00e3o Doria (PSDB). Segundo Mour\u00e3o, &#8220;\u00e9 l\u00f3gico que o governo federal vai comprar doses do imunizante&#8221;. &#8220;J\u00e1 colocamos os recursos no Butant\u00e3 para produzir essa vacina. O governo n\u00e3o vai fugir disso a\u00ed.&#8221;<\/p>\n<p>A fala de Mour\u00e3o \u00e0 Veja difere do posicionamento de Bolsonaro sobre o assunto. Em diversas ocasi\u00f5es, Bolsonaro j\u00e1 disse que n\u00e3o ir\u00e1 comprar a vacina. O presidente chegou a desautorizar um acordo feito pelo Minist\u00e9rio da Sa\u00fade de inten\u00e7\u00e3o de compra de 46 milh\u00f5es de doses da Coronavac. Al\u00e9m disso, Bolsonaro vem tendo embates p\u00fablicos com Doria sobre a obrigatoriedade da imuniza\u00e7\u00e3o. Doria defende a imuniza\u00e7\u00e3o compuls\u00f3ria no Estado. J\u00e1 Bolsonaro diz que a vacina\u00e7\u00e3o contra covid-19 n\u00e3o ser\u00e1 obrigat\u00f3ria.<\/p>\n<p>Ao explicar por que n\u00e3o se incomoda quando opini\u00f5es suas s\u00e3o rebatidas publicamente pelo presidente Jair Bolsonaro (sem partido), o vice-presidente sustentou que &#8220;tem vida&#8221;, compartilhando na entrevista o que chamou de &#8220;momentos de liberdade&#8221;: fazer alongamento e exerc\u00edcio de manh\u00e3, comer fora de casa e tomar u\u00edsque com sua esposa \u00e0s sextas-feiras e, no s\u00e1bado, jogar voleibol e &#8220;jogar conversa fora&#8221; no boteco. &#8220;Domingo sa\u00edmos para almo\u00e7ar ou vou \u00e0 casa do meu filho para um churrasco&#8221;, relatou.<\/p>\n<p><strong>Amaz\u00f4nia e elei\u00e7\u00f5es<\/strong><\/p>\n<p>Presidente do Conselho Nacional da Amaz\u00f4nia Legal, Mour\u00e3o disse na entrevista que &#8220;n\u00e3o est\u00e1 tudo bem&#8221; na regi\u00e3o, mas negou que o governo federal esteja de bra\u00e7os cruzados diante do desmatamento e de queimadas ou &#8220;passando a boiada&#8221;, em refer\u00eancia \u00e0 fala do ministro do Meio Ambiente, Ricardo Salles, na reuni\u00e3o ministerial de 22 de abril, sobre medidas infralegais para afrouxar a legisla\u00e7\u00e3o ambiental.<\/p>\n<p>Ele defendeu que o governo federal n\u00e3o errou no enfrentamento das ilegalidades na Amaz\u00f4nia e citou reuni\u00e3o com embaixadores na qual disse ter argumentado que o Executivo &#8220;busca coibir que as ilegalidades avancem ou que elas extrapolem algo&#8221; que seria admiss\u00edvel. Mour\u00e3o est\u00e1 organizando uma viagem \u00e0 regi\u00e3o com diplomatas, principalmente de pa\u00edses europeus, para sobrevoar algumas \u00e1reas, inclusive desmatadas.<\/p>\n<p>Diante de especula\u00e7\u00f5es de que Bolsonaro teria vontade de lan\u00e7ar outro candidato a vice para tentar a reelei\u00e7\u00e3o em 2022, o general da reserva alegou n\u00e3o estar preocupado com a pr\u00f3xima disputa presidencial, mas admitiu que poderia tentar uma vaga no Senado.<\/p>\n<p>Mour\u00e3o se disse confort\u00e1vel para discordar do presidente, mas comentou que pol\u00eamicas ocorreram porque, na sua vis\u00e3o, ele falou algo sem saber a opini\u00e3o de Bolsonaro sobre o assunto. &#8220;A partir do momento em que eu sei o que ele pensa, fico em sil\u00eancio, mesmo que discorde&#8221;, afirmou \u00e0 Veja.<\/p>\n<p>Ainda na entrevista, o vice-presidente rejeitou a constata\u00e7\u00e3o de que h\u00e1 muitos militares no governo, estimando que eles somam cerca de 3 mil &#8211; &#8220;metade do que est\u00e3o falando&#8221; -, defendeu o di\u00e1logo com o &#8220;governo de turno&#8221; dos Estados Unidos, independentemente se comandado por Donald Trump ou Joe Biden a partir do ano que vem, e apontou que qualquer empresa comprometida com &#8220;soberania, privacidade e economia&#8221; poder\u00e1 disputar o leil\u00e3o de 5G, sem excluir a participa\u00e7\u00e3o da Huawei.<\/p>\n<p>Por fim, Mour\u00e3o deu o motivo de ser um dos poucos integrantes do primeiro escal\u00e3o do governo federal a n\u00e3o contrair o novo coronav\u00edrus: &#8220;M\u00e1scara, \u00e1lcool na m\u00e3o, \u00e1lcool para dentro.&#8221;<\/p>\n<p>&nbsp;<\/p>\n<p><strong>Fonte: Terra<\/strong><\/p>\n<p>&nbsp;<\/p>\n","protected":false},"excerpt":{"rendered":"<p>O vice-presidente Hamilton Mour\u00e3o (PRTB) afirmou, em entrevista \u00e0 revista Veja publicada nesta sexta-feira, 30, que a pol\u00eamica em torno da vacina contra covid-19 desenvolvida pela farmac\u00eautica chinesa Sinovac em parceria com o Instituto Butant\u00e3 \u00e9 &#8220;briga pol\u00edtica&#8221; com o governador de S\u00e3o Paulo, Jo\u00e3o Doria (PSDB). Segundo Mour\u00e3o, &#8220;\u00e9 l\u00f3gico que o governo federal &hellip;<\/p>\n","protected":false},"author":1,"featured_media":10412,"comment_status":"open","ping_status":"open","sticky":false,"template":"","format":"standard","meta":{"_jetpack_newsletter_access":"","_jetpack_dont_email_post_to_subs":false,"_jetpack_newsletter_tier_id":0,"_jetpack_memberships_contains_paywalled_content":false,"_jetpack_memberships_contains_paid_content":false,"footnotes":""},"categories":[1],"tags":[],"class_list":["post-10411","post","type-post","status-publish","format-standard","has-post-thumbnail","hentry","category-destaque"],"jetpack_sharing_enabled":true,"jetpack_featured_media_url":"","_links":{"self":[{"href":"https:\/\/www.oparanews.com.br\/index.php\/wp-json\/wp\/v2\/posts\/10411","targetHints":{"allow":["GET"]}}],"collection":[{"href":"https:\/\/www.oparanews.com.br\/index.php\/wp-json\/wp\/v2\/posts"}],"about":[{"href":"https:\/\/www.oparanews.com.br\/index.php\/wp-json\/wp\/v2\/types\/post"}],"author":[{"embeddable":true,"href":"https:\/\/www.oparanews.com.br\/index.php\/wp-json\/wp\/v2\/users\/1"}],"replies":[{"embeddable":true,"href":"https:\/\/www.oparanews.com.br\/index.php\/wp-json\/wp\/v2\/comments?post=10411"}],"version-history":[{"count":0,"href":"https:\/\/www.oparanews.com.br\/index.php\/wp-json\/wp\/v2\/posts\/10411\/revisions"}],"wp:attachment":[{"href":"https:\/\/www.oparanews.com.br\/index.php\/wp-json\/wp\/v2\/media?parent=10411"}],"wp:term":[{"taxonomy":"category","embeddable":true,"href":"https:\/\/www.oparanews.com.br\/index.php\/wp-json\/wp\/v2\/categories?post=10411"},{"taxonomy":"post_tag","embeddable":true,"href":"https:\/\/www.oparanews.com.br\/index.php\/wp-json\/wp\/v2\/tags?post=10411"}],"curies":[{"name":"wp","href":"https:\/\/api.w.org\/{rel}","templated":true}]}}